{"id":107,"date":"2015-07-04T13:42:00","date_gmt":"2015-07-04T13:42:00","guid":{"rendered":"http:\/\/www.avrasyagazetecilerdernegi.com\/?p=107"},"modified":"2023-07-13T14:24:37","modified_gmt":"2023-07-13T14:24:37","slug":"tikanin-hizmeti-ve-gazeteciler-surasi","status":"publish","type":"post","link":"https:\/\/www.avrasyagazetecilerdernegi.com\/index.php\/2015\/07\/04\/tikanin-hizmeti-ve-gazeteciler-surasi\/","title":{"rendered":"T\u0130KA\u2019n\u0131n hizmeti ve Gazeteciler \u015furas\u0131"},"content":{"rendered":"\n<p><\/p>\n\n\n\n<p>T\u00fcrk D\u00fcnyas\u0131 ikinci Gazeteciler \u015euras\u0131 Tataristan\u2019\u0131n Ba\u015fkenti Kazan\u2019da toplanmas\u0131n\u0131n yank\u0131lar\u0131 devam ediyor. \u0130lk kez Rusya Federasyonu i\u00e7erisinde b\u00f6yle bir organizasyon ger\u00e7ekle\u015fmi\u015f oldu. 20 ayr\u0131 \u00fclkede 100 civar\u0131nda T\u00fcrk gazeteci \u00fc\u00e7 g\u00fcn s\u00fcreyle bir\u00e7ok konuyu g\u00fcndeme getirdi. \u015euraya T\u00fcrkiye Radyo Kurumu (TRT), Anadolu Ajans\u0131 ve T\u00fcrk \u0130\u015f Birli\u011fi Koordinasyon Ajans\u0131 (T\u0130KA) sahip \u00e7\u0131k\u0131p destek oldu. Ulusal ve uluslararas\u0131 medya \u015furaya b\u00fcy\u00fck \u00f6nem verdi.<br>Tataristan Cumhurba\u015fkan\u0131n\u0131n himayelerinde ve Tataristan Devletinin misafiri olarak ger\u00e7ekle\u015fen T\u00fcrk D\u00fcnyas\u0131 Gazeteciler \u015euras\u0131n\u0131n organizasyonunda T\u0130KA\u2019n\u0131n b\u00fcy\u00fck eme\u011fi de var. \u00d6zellikle T\u00fcrk Cumhuriyetlerinden gazetecilerin Tataristan\u2019a gelmelerini sa\u011flayan ve ula\u015f\u0131m sponsoru olarak T\u00fcrk gazetecilerinin Tataristan\u2019da toplanmas\u0131n\u0131 ger\u00e7ekle\u015ftiren T\u0130KA\u2019ya ger\u00e7ekten \u015f\u00fckran borcumuz var. T\u0130KA y\u00f6neticileri projenin ula\u015f\u0131m sponsoru olarak T\u00fcrk d\u00fcnyas\u0131ndaki gazetecileri Tataristan\u2019a getirme imk\u00e2n\u0131 sa\u011flad\u0131. T\u00fcrk D\u00fcnyas\u0131 ikinci Gazeteciler \u015euras\u0131yla ilgili ayr\u0131nt\u0131l\u0131 haber ve yaz\u0131lar\u0131; http:\/\/www.belgeselyayincilik.com\/genel\/turk-dunyasindan-100-gazeteci-ile-tataristanda-tarihe-not-dustuk adresli linkten okuyabilirsiniz.<\/p>\n\n\n\n<p>T\u0130KA\u2019YA TE\u015eEKK\u00dcR PLAKET\u0130<\/p>\n\n\n\n<p>T\u0130KA Ba\u015fkan\u0131 Say\u0131n Dr. Serdar \u00c7am beye te\u015fekk\u00fcrlerimizi iletmek ve \u015f\u00fckran plaketi vermek \u00fczere T\u00fcrk D\u00fcnyas\u0131 Gazeteciler Federasyonu Y\u00f6netim Kurulu \u00fcyeleri olarak T\u0130KA\u2019ya gittik. Say\u0131n \u00c7am ad\u0131na plaketimizi Ba\u015fkan Yard\u0131mc\u0131s\u0131 Ali Maskan beye takdim ettik. Ali Bey, T\u0130KA ile ilgili genel bilgiler verdi. T\u0130KA\u2019n\u0131n 24 y\u0131ll\u0131k tarihi ge\u00e7mi\u015finde \u00e7ok b\u00fcy\u00fck hizmetler yapt\u0131\u011f\u0131n\u0131 s\u00f6yledi.<\/p>\n\n\n\n<p>D\u00fcnyan\u0131n bir\u00e7ok \u00fclkesinde belgesel \u00e7ekimlerimiz s\u0131ras\u0131nda T\u0130KA\u2019n\u0131n yapt\u0131\u011f\u0131 hizmetleri g\u00f6r\u00fcyor, T\u00fcrkiye ad\u0131na gurur duyuyoruz. Afrika\u2019da, Ortado\u011fu\u2019da, Balkanlarda, T\u00fcrk Cumhuriyetlerinde ve Kafkaslarda T\u0130KA\u2019n\u0131n \u00e7ok b\u00fcy\u00fck hizmetleri var. D\u00fcnya\u2019n\u0131n \u00f6nemli \u00fclkelerininde de T\u0130KA benzeri kurumlar var. Ancak bu kurumlar de\u011fi\u015fik ama\u00e7larla bu \u00fclkelere gidiyorlar. T\u0130KA din, dil, \u0131rk fark\u0131 g\u00f6zetmeden insanl\u0131k ad\u0131na T\u00fcrkiye Cumhuriyeti\u2019nin yard\u0131m elini bu \u00fclkelere g\u00f6t\u00fcr\u00fcyor.<\/p>\n\n\n\n<p>D\u00fcnya co\u011frafyas\u0131nda Devr-i Alem programlar\u0131 olarak belgesel \u00e7ekerken T\u0130KA\u2019n\u0131n yapt\u0131\u011f\u0131 hizmetleri g\u00f6r\u00fcnce T\u00fcrkiye\u2019nin ge\u00e7mi\u015fte ekonomik s\u0131k\u0131nt\u0131da oldu\u011fu d\u00f6nemleri hat\u0131rl\u0131yorum. T\u00fcrkiye Devleti bir zamanlar d\u0131\u015f \u00fclkelerde g\u00f6rev yapan b\u00fcy\u00fckel\u00e7ilerine maa\u015f vermekte bile zorlan\u0131yordu. Hi\u00e7 unutmuyorum A\u015fa\u011f\u0131 Saksonya Maliye Bakan\u0131 Valter Laibler Kipp\u2019in T\u00fcrkiye\u2019ye kredi verilip verilmeyece\u011fini konu\u015furken, T\u00fcrkiye\u2019nin 1 milyon dolar YANLI\u015e OKUMADINIZ sadece 1 milyon dolar kredi bulmakta zorland\u0131\u011f\u0131 o g\u00fcnler\u2026 O g\u00fcnleri hat\u0131rl\u0131yorum. Bug\u00fcn T\u0130KA arac\u0131l\u0131\u011f\u0131 ile T\u00fcrkiye devleti bir y\u0131lda kar\u015f\u0131l\u0131ks\u0131z olarak D\u00fcnya\u2019n\u0131n bir\u00e7ok \u00fclkesinde ki muhta\u00e7 ve ma\u011fdur insanlara insanl\u0131k borcu olarak 1 milyar 300 milyon dolara yak\u0131n yard\u0131m yap\u0131yor. Nereden, nereye?<\/p>\n\n\n\n<p>Bu t\u00fcr yard\u0131m ve organizasyonlar ger\u00e7ekten \u00e7ok \u00f6nemli. T\u00fcrkiye\u2019nin g\u00fcc\u00fcn\u00fc ve prestijini g\u00f6steriyor. Tataristan\u2019da ger\u00e7ekle\u015fen T\u00fcrk D\u00fcnyas\u0131 Gazeteciler \u015euras\u0131\u2019nda D\u00fcnya\u2019n\u0131n bir\u00e7ok \u00fclkesinden T\u00fcrk gazetecilerinin Tataristan\u2019a gelmelerini de T\u0130KA sa\u011flad\u0131. Bir kez de buradan T\u0130KA y\u00f6neticilerine organizasyonda g\u00f6rev alan komite \u00fcyesi ve T\u00fcrk D\u00fcnyas\u0131 Gazeteciler Federasyonu Ba\u015fkan Yard\u0131mc\u0131s\u0131 olarak te\u015fekk\u00fcr etmeyi g\u00f6rev biliyorum.<\/p>\n\n\n\n<p>T\u0130KA HAKKINDA GENEL B\u0130LG\u0130<\/p>\n\n\n\n<p>T\u00fcrk \u0130\u015fbirli\u011fi Koordinasyon Ajans\u0131\u2019n\u0131n yapt\u0131\u011f\u0131 hizmetler, ne zaman kuruldu ve tarihi ge\u00e7mi\u015fi hakk\u0131nda kurumun internet sayfas\u0131nda yer alan bilgilerin \u00f6zet bir k\u0131sm\u0131n\u0131 sizlerle bu k\u00f6\u015feden payla\u015f\u0131yorum. T\u00fcrkiye, T\u0130KA\u2019n\u0131n yapt\u0131\u011f\u0131 hizmetler ile gurur duymal\u0131<\/p>\n\n\n\n<p>T\u0130KA NE ZAMAN KURULDU?<\/p>\n\n\n\n<p>25 Aral\u0131k 1991 tarihinde Sovyet Sosyalist Cumhuriyetler Birli\u011fi (SSCB) da\u011f\u0131lm\u0131\u015f, Orta Asya ve Kafkasya\u2019da bir\u00e7ok devlet ba\u011f\u0131ms\u0131zl\u0131\u011f\u0131n\u0131 kazanm\u0131\u015ft\u0131r. T\u00fcrkiye, o g\u00fcnlerde ba\u011f\u0131ms\u0131zl\u0131\u011f\u0131na kavu\u015fan T\u00fcrk Cumhuriyetlerini tan\u0131yan ilk \u00fclke olmu\u015ftur. Kazakistan, Tacikistan, \u00d6zbekistan, Azerbaycan ve K\u0131rg\u0131zistan\u2019dan olu\u015fan bu devletlerle ortak bir dile, ortak bir haf\u0131zaya ve ortak bir k\u00fclt\u00fcre sahip olmam\u0131z ikili ve b\u00f6lgesel ili\u015fkilerin g\u00fc\u00e7lenmesine zemin haz\u0131rlam\u0131\u015ft\u0131r. T\u00fcrkiye ve Orta Asya \u00fclkeleri bir milletin, tek milletin farkl\u0131 devletleri gibi davranm\u0131\u015f; d\u0131\u015f politikam\u0131z b\u00f6lgede \u00e7ok y\u00f6nl\u00fc ve proaktif bir anlay\u0131\u015f sergilemi\u015ftir. T\u00fcrk\u00e7e konu\u015fan \u00fclkelerle ili\u015fkilerimiz T\u00fcrkiye\u2019nin eskimeyen vizyonu olmu\u015f ve bu vizyon k\u00fcresel politikalar\u0131n son 20 y\u0131l\u0131nda \u00f6nemli bir yer kazanm\u0131\u015ft\u0131r.<\/p>\n\n\n\n<p>\u00dclkemizin 90\u2019l\u0131 y\u0131llarda Orta Asya konusundaki ilk \u00f6nceli\u011fi gen\u00e7 T\u00fcrk devletlerinin uluslararas\u0131 toplum taraf\u0131ndan kabul edilmesi olmu\u015ftur. Daha sonra \u00fclkemiz, Orta Asya\u2019da yeni kurulan \u00fclkelerde ya\u015fayan soyda\u015flar\u0131m\u0131z i\u00e7in sosyal, ekonomik ve k\u00fclt\u00fcrel alanda bir\u00e7ok \u00e7al\u0131\u015fma yapm\u0131\u015ft\u0131r. \u0130lk ba\u015fta yap\u0131lan yard\u0131mlar zaman i\u00e7inde uzun soluklu projelere, kalk\u0131nma merkezli i\u015fbirli\u011fi \u00e7al\u0131\u015fmalar\u0131na d\u00f6n\u00fc\u015fm\u00fc\u015ft\u00fcr. B\u00f6lgede yap\u0131lacak faaliyetleri ve d\u0131\u015f politika \u00f6nceliklerini uygulayacak, koordine edecek bir organizasyon ihtiyac\u0131 do\u011fmu\u015f ve bu do\u011frultuda T\u00fcrk \u0130\u015fbirli\u011fi ve Koordinasyon Ajans\u0131 Ba\u015fkanl\u0131\u011f\u0131 (T\u0130KA) 1992 y\u0131l\u0131nda kurulmu\u015ftur. D\u0131\u015f politikam\u0131za aktif politika anlay\u0131\u015f\u0131n\u0131n yerle\u015fmesi ile T\u0130KA ortak de\u011ferlere sahip oldu\u011fumuz \u00fclkeler ba\u015fta olmak \u00fczere bir\u00e7ok b\u00f6lge ve \u00fclkede T\u00fcrk d\u0131\u015f politikas\u0131n\u0131 uygulay\u0131c\u0131 bir arac\u0131 haline gelmi\u015ftir.<\/p>\n\n\n\n<p>T\u0130KA\u2019n\u0131n o y\u0131llardaki amac\u0131n\u0131 T\u00fcrk Cumhuriyetlerinin kendi sosyal yap\u0131s\u0131n\u0131 \u00fcretmesi, kendi kimli\u011fini sa\u011fl\u0131kl\u0131 bir \u015fekilde in\u015fa etmesi, k\u00fclt\u00fcrel ve siyasi haklar\u0131n geli\u015fmesi, teknik alt yap\u0131 konusunda eksiklerin giderilmesi olarak \u00f6zetleyebiliriz. E\u011fitim, sa\u011fl\u0131k, restorasyon, tar\u0131msal kalk\u0131nma, maliye, turizm, sanayi alan\u0131nda bir \u00e7ok proje ve faaliyet T\u0130KA taraf\u0131ndan ger\u00e7ekle\u015ftirilmi\u015f. T\u0130KA Program Koordinasyon Ofislerinin ilki T\u00fcrkmenistan\u2019da a\u00e7\u0131lm\u0131\u015f; ilerleyen d\u00f6nemlerde Avrasya b\u00f6lgesinde bulunan ofis say\u0131s\u0131 6\u2019ya \u00e7\u0131km\u0131\u015ft\u0131r. T\u00fcrkiye\u2019nin dostluk, karde\u015flik ve i\u015fbirli\u011fi eli ayn\u0131 heyecan\u0131 ta\u015f\u0131d\u0131\u011f\u0131m\u0131z \u00fclkelere ula\u015fm\u0131\u015ft\u0131r.<\/p>\n\n\n\n<p>T\u0130KA BA\u015eKANI SERDAR \u00c7AM K\u0130MD\u0130R?<\/p>\n\n\n\n<p>5 Haziran 2011 tarihinde T\u00fcrk \u0130\u015fbirli\u011fi ve Koordinasyon Ajans\u0131 (T\u0130KA) Ba\u015fkanl\u0131\u011f\u0131\u2019na atanan Dr. Serdar \u00c7am, A\u011fustos 2009 tarihinden bu yana T\u00fcrkiye B\u00fcy\u00fck Millet Meclisi Ba\u015fkanl\u0131\u011f\u0131 \u00d6zel Kalem M\u00fcd\u00fcrl\u00fc\u011f\u00fc g\u00f6revini y\u00fcr\u00fctmekteydi. Dr. \u00c7am, Eyl\u00fcl 2002-A\u011fustos 2009 tarihleri aras\u0131nda yedi y\u0131l s\u00fcresince, T.C. Ba\u015fbakan\u0131 Say\u0131n Recep Tayyip Erdo\u011fan\u2019\u0131n TBMM\u2019deki Makam\u0131nda \u00d6zel Kalem M\u00fcd\u00fcr\u00fc olarak g\u00f6rev yapt\u0131. Bu s\u00fcre zarf\u0131nda, d\u0131\u015f ticaret ve d\u0131\u015f politika konular\u0131nda \u00e7al\u0131\u015fmalar ve geli\u015fmeleri yak\u0131ndan takip etti.<\/p>\n\n\n\n<p>1992-2002 y\u0131llar\u0131 aras\u0131nda, Ankara\u2019da, \u0130stanbul\u2019da ve yurtd\u0131\u015f\u0131nda \u00e7e\u015fitli \u015firketlerde y\u00f6neticilik yapt\u0131. 1996-1999 y\u0131llar\u0131 aras\u0131nda M\u00dcS\u0130AD Genel Sekreter Yard\u0131mc\u0131l\u0131\u011f\u0131 g\u00f6revini y\u00fcr\u00fctt\u00fc. \u00dcniversitelerde yar\u0131 zamanl\u0131 olarak uluslararas\u0131 yat\u0131r\u0131m, uluslararas\u0131 ticaret ve y\u00f6netim dersleri verdi.<\/p>\n\n\n\n<p>Orta Do\u011fu Teknik \u00dcniversitesi Kimya M\u00fchendisli\u011fi B\u00f6l\u00fcm\u00fc\u2019nden mezun olan Serdar \u00c7am, Almanya ve Bel\u00e7ika\u2019da Y\u00fcksek Lisans \u00e7al\u0131\u015fmalar\u0131n\u0131 y\u00fcr\u00fctt\u00fc. Boston \u00dcniversitesi\u2019nden \u0130\u015fletme dal\u0131nda Master derecesi ald\u0131. Marmara \u00dcniversitesi\u2019nde Uluslararas\u0131 Pazarlama dal\u0131nda Doktoras\u0131n\u0131 tamamlad\u0131. Babas\u0131n\u0131n D\u0131\u015fi\u015fleri Bakanl\u0131\u011f\u0131\u2019ndaki g\u00f6revi nedeniyle ilk\u00f6\u011frenimini Libya ve Fransa\u2019da, orta\u00f6\u011frenimini ise Lefko\u015fa T\u00fcrk Maarif Koleji\u2019nde tamamlad\u0131. 30 Mart 1966 Ankara do\u011fumlu olan Serdar \u00c7am, iyi d\u00fczeyde \u0130ngilizce ve Frans\u0131zca ile temel d\u00fczeyde Almanca ve Arap\u00e7a dillerini bilmektedir. Evli ve 3 \u00e7ocuk babas\u0131d\u0131r. T\u0130KA Ba\u015fkan\u0131 Serdar \u00c7AM\u2019\u0131n Yunus Emre Vakf\u0131 Y\u00f6netim Kurulu ve Hoca Ahmet Yesevi M\u00fctevelli Heyeti \u00fcyeli\u011fi bulunmaktad\u0131r.<\/p>\n\n\n\n<p>T\u0130KA PROJELER\u0130 HAKKINDA GENEL B\u0130LG\u0130<\/p>\n\n\n\n<p>B\u00fcy\u00fcyen, geli\u015fen ata topraklar\u0131m\u0131zda yapt\u0131\u011f\u0131m\u0131z \u00e7al\u0131\u015fmalar\u0131n niteli\u011fi zaman i\u00e7inde de\u011fi\u015fmi\u015ftir. 1995 y\u0131l\u0131na kadar karde\u015f \u00fclkelerde ekonomik, sosyal ve k\u00fclt\u00fcrel faaliyetler y\u00fcr\u00fcten T\u0130KA, o tarihten itibaren e\u011fitim ve k\u00fclt\u00fcrel i\u015fbirli\u011fi \u00e7al\u0131\u015fmalar\u0131na a\u011f\u0131rl\u0131k vermi\u015ftir. Biliyoruz ki her \u015feyin ba\u015f\u0131 nitelikli, iyi yeti\u015fmi\u015f insan n\u00fcfusuna sahip olmaya ba\u011fl\u0131d\u0131r. Nerede bir millet iyi bir e\u011fitim sistemine sahipse, bilimi ve teknoloji yak\u0131ndan takip ediyorsa orada s\u00fcrd\u00fcr\u00fclebilir kalk\u0131nmadan s\u00f6z edilebilir. Bu y\u00fczden T\u0130KA 1995 y\u0131l\u0131ndan sonra ata topraklar\u0131nda e\u011fitim faaliyetlerini h\u0131zland\u0131rm\u0131\u015f; okullar, k\u00fct\u00fcphaneler, laboratuarlar in\u015fa edilmi\u015f, \u00fcniversitelere teknik donan\u0131m yard\u0131mlar\u0131 yap\u0131lm\u0131\u015ft\u0131r.<\/p>\n\n\n\n<p>2000\u2019li y\u0131llarla ba\u015flayan s\u00fcre\u00e7te d\u00fcnya k\u00fcreselle\u015fmi\u015f ve k\u00fcreselle\u015fmenin etkisi do\u011fudan bat\u0131ya bir\u00e7ok co\u011frafyada hissedilmi\u015ftir. Bu d\u00f6nemde ayn\u0131 dili konu\u015ftu\u011fumuz \u00fclkelerin kalk\u0131nma konusunda kazand\u0131\u011f\u0131 ivmeye paralel olarak T\u0130KA\u2019n\u0131n b\u00f6lgede yapt\u0131\u011f\u0131 projeler, kurumsal kapasite art\u0131r\u0131m\u0131 projelerine d\u00f6n\u00fc\u015fm\u00fc\u015ft\u00fcr. \u00dclkemizin ve T\u0130KA\u2019n\u0131n ortak tarihi mirasa sahip olman\u0131n verdi\u011fi hakl\u0131 gururla ata topraklar\u0131 i\u00e7in yapt\u0131\u011f\u0131 projeler devam etmektedir.<\/p>\n\n\n\n<p>Bug\u00fcnlere gelindi\u011finde T\u00fcrk Co\u011frafyas\u0131n\u0131n \u00f6nemli bir kesimi zenginle\u015fti, g\u00fc\u00e7lendi ve art\u0131k yard\u0131ma ihtiya\u00e7 duyan de\u011fil; yard\u0131m eden konumuna geldi. T\u0130KA olarak beraberce, ortak proje geli\u015ftirmek i\u00e7in \u00e7al\u0131\u015fmakta ve kar\u015f\u0131l\u0131kl\u0131 tecr\u00fcbe payla\u015f\u0131m\u0131n\u0131 y\u00fcr\u00fctmekteyiz.<br>\u00dclkemizin d\u00fcnyada ve b\u00f6lgesinde \u00f6nemli bir akt\u00f6r haline gelme \u00e7abas\u0131n\u0131n bir uzant\u0131s\u0131 olarak 2000\u2019li y\u0131llardan itibaren d\u0131\u015f politika anlay\u0131\u015f\u0131m\u0131z \u00f6nemli de\u011fi\u015fimler ge\u00e7irmi\u015ftir. Bu de\u011fi\u015fim do\u011frultusunda T\u0130KA faaliyet co\u011frafyas\u0131n\u0131 geni\u015fletmi\u015f; 2002 y\u0131l\u0131nda 12 olan Program Koordinasyon Ofisi say\u0131s\u0131n\u0131 2011 y\u0131l\u0131nda 25\u2019e, 2012 y\u0131l\u0131nda ise 33\u2019e y\u00fckseltmi\u015ftir. T\u00fcrk \u0130\u015fbirli\u011fi ve Koordinasyon Ajans\u0131 Ba\u015fkanl\u0131\u011f\u0131 bug\u00fcn 48 \u00fclkede 50 Program Koordinasyon Ofisi ile faaliyet g\u00f6stermektedir. \u00dclkemizin izlemi\u015f oldu\u011fu aktif ve ilkeli d\u0131\u015f politikaya ba\u011fl\u0131 olarak \u00e7al\u0131\u015fma yapt\u0131\u011f\u0131m\u0131z \u00fclkelerin say\u0131s\u0131 her ge\u00e7en g\u00fcn artmaktad\u0131r. T\u00fcrkiye, T\u0130KA arac\u0131l\u0131\u011f\u0131 ile dost, karde\u015f ve akraba \u00fclkelere y\u00f6nelik olarak yapt\u0131\u011f\u0131 \u00e7al\u0131\u015fmalar\u0131n temelinde bir bar\u0131\u015f ku\u015fa\u011f\u0131 olu\u015fturma \u00e7abas\u0131 bulunmaktad\u0131r.<\/p>\n\n\n\n<p>T\u0130KA kamu kurum ve kurulu\u015flar\u0131, \u00fcniversiteler, sivil toplum kurulu\u015flar\u0131 ve \u00f6zel sekt\u00f6r aras\u0131nda i\u015fbirli\u011fi mekanizmas\u0131 g\u00f6revi y\u00fcr\u00fctmekte; t\u00fcm bu akt\u00f6rleri ortak paydalarda bulu\u015fturmakta ve T\u00fcrkiye\u2019nin kalk\u0131nma yard\u0131mlar\u0131n\u0131 kay\u0131t alt\u0131na almaktad\u0131r.<\/p>\n\n\n\n<p>2002 y\u0131l\u0131nda \u00fclkemizin kalk\u0131nma yard\u0131mlar\u0131 85 Milyon ABD dolar\u0131 iken bu rakam 2011 y\u0131l\u0131nda 1 milyar 273 milyon ABD dolar\u0131na y\u00fckselmi\u015ftir. T\u00fcrkiye bug\u00fcn ayn\u0131 dili konu\u015ftu\u011fumuz \u00fclkelerle en \u00e7ok teknik i\u015fbirli\u011fi yapan kurulu\u015flar\u0131 aras\u0131nda yer almaktad\u0131r.<\/p>\n\n\n\n<p>T\u0130KA, ofislerinin bulundu\u011fu \u00fclkelerle beraber yakla\u015f\u0131k 100 \u00fclkede kalk\u0131nma merkezli i\u015fbirli\u011fi \u00e7al\u0131\u015fmalar\u0131 yap\u0131lmaktad\u0131r. \u00dclkemiz T\u0130KA arac\u0131l\u0131\u011f\u0131 ile Pasifik\u2019ten Orta Asya\u2019ya, Ortado\u011fu ve Afrika\u2019dan Balkanlara, Kafkasya\u2019dan Latin Amerika\u2019ya kadar bir\u00e7ok \u00fclke ile bilgi ve tecr\u00fcbesini payla\u015f\u0131yor.<\/p>\n\n\n\n<p>Sonu\u00e7 olarak, T\u0130KA\u2019n\u0131n yapt\u0131\u011f\u0131 hizmetlerle ilgili ger\u00e7ekten \u00e7ok \u015feyler yaz\u0131l\u0131p s\u00f6ylenilmesi gerekiyor. T\u0130KA\u2019n\u0131n hizmetleri ile ilgili iki ayr\u0131 canl\u0131 makale haz\u0131rlayarak www.devrialem .tv ve www.kocaeli gebze.tv\u2019den yay\u0131nlad\u0131k. Bu canl\u0131 makaleleri web sayfam\u0131zdan izleyebilirsiniz.<\/p>\n","protected":false},"excerpt":{"rendered":"<p>T\u00fcrk D\u00fcnyas\u0131 ikinci Gazeteciler \u015euras\u0131 Tataristan\u2019\u0131n Ba\u015fkenti Kazan\u2019da toplanmas\u0131n\u0131n yank\u0131lar\u0131 devam ediyor. \u0130lk kez Rusya Federasyonu i\u00e7erisinde b\u00f6yle bir organizasyon ger\u00e7ekle\u015fmi\u015f oldu. 20 ayr\u0131 \u00fclkede 100 civar\u0131nda T\u00fcrk gazeteci \u00fc\u00e7 g\u00fcn s\u00fcreyle bir\u00e7ok konuyu g\u00fcndeme getirdi. \u015euraya T\u00fcrkiye Radyo Kurumu (TRT), Anadolu Ajans\u0131 ve T\u00fcrk \u0130\u015f Birli\u011fi Koordinasyon Ajans\u0131 (T\u0130KA) sahip \u00e7\u0131k\u0131p destek oldu. Ulusal [&hellip;]<\/p>\n","protected":false},"author":1,"featured_media":142,"comment_status":"open","ping_status":"open","sticky":false,"template":"","format":"standard","meta":{"footnotes":""},"categories":[3],"tags":[],"class_list":["post-107","post","type-post","status-publish","format-standard","has-post-thumbnail","hentry","category-habeler"],"_links":{"self":[{"href":"https:\/\/www.avrasyagazetecilerdernegi.com\/index.php\/wp-json\/wp\/v2\/posts\/107","targetHints":{"allow":["GET"]}}],"collection":[{"href":"https:\/\/www.avrasyagazetecilerdernegi.com\/index.php\/wp-json\/wp\/v2\/posts"}],"about":[{"href":"https:\/\/www.avrasyagazetecilerdernegi.com\/index.php\/wp-json\/wp\/v2\/types\/post"}],"author":[{"embeddable":true,"href":"https:\/\/www.avrasyagazetecilerdernegi.com\/index.php\/wp-json\/wp\/v2\/users\/1"}],"replies":[{"embeddable":true,"href":"https:\/\/www.avrasyagazetecilerdernegi.com\/index.php\/wp-json\/wp\/v2\/comments?post=107"}],"version-history":[{"count":2,"href":"https:\/\/www.avrasyagazetecilerdernegi.com\/index.php\/wp-json\/wp\/v2\/posts\/107\/revisions"}],"predecessor-version":[{"id":143,"href":"https:\/\/www.avrasyagazetecilerdernegi.com\/index.php\/wp-json\/wp\/v2\/posts\/107\/revisions\/143"}],"wp:featuredmedia":[{"embeddable":true,"href":"https:\/\/www.avrasyagazetecilerdernegi.com\/index.php\/wp-json\/wp\/v2\/media\/142"}],"wp:attachment":[{"href":"https:\/\/www.avrasyagazetecilerdernegi.com\/index.php\/wp-json\/wp\/v2\/media?parent=107"}],"wp:term":[{"taxonomy":"category","embeddable":true,"href":"https:\/\/www.avrasyagazetecilerdernegi.com\/index.php\/wp-json\/wp\/v2\/categories?post=107"},{"taxonomy":"post_tag","embeddable":true,"href":"https:\/\/www.avrasyagazetecilerdernegi.com\/index.php\/wp-json\/wp\/v2\/tags?post=107"}],"curies":[{"name":"wp","href":"https:\/\/api.w.org\/{rel}","templated":true}]}}