{"id":113,"date":"2015-06-02T13:49:00","date_gmt":"2015-06-02T13:49:00","guid":{"rendered":"http:\/\/www.avrasyagazetecilerdernegi.com\/?p=113"},"modified":"2023-07-13T14:29:31","modified_gmt":"2023-07-13T14:29:31","slug":"tataristan-medyasindan-gazeteciler-surasina-buyuk-ilgi","status":"publish","type":"post","link":"https:\/\/www.avrasyagazetecilerdernegi.com\/index.php\/2015\/06\/02\/tataristan-medyasindan-gazeteciler-surasina-buyuk-ilgi\/","title":{"rendered":"Tataristan medyas\u0131ndan Gazeteciler \u015furas\u0131na b\u00fcy\u00fck ilgi"},"content":{"rendered":"\n<p><\/p>\n\n\n\n<p>Tataristan medyas\u0131 2. T\u00fcrk D\u00fcnyas\u0131 Gazeteciler \u015euras\u0131\u2019na b\u00fcy\u00fck ilgi g\u00f6sterdi. Tataristan Cumhurba\u015fkanl\u0131\u011f\u0131\u2019n\u0131n himayesinde ger\u00e7ekle\u015fen k\u0131sa ad\u0131 TATMED\u0130A olan Tataristan Medya Bakanl\u0131\u011f\u0131 ile Genel Merkezi Ankara\u2019da bulunan D\u00fcnya T\u00fcrk Gazeteciler Federasyonu\u2019nun ortakla\u015fa organize etti\u011fi 2. T\u00fcrk D\u00fcnyas\u0131 Gazeteciler \u015euras\u0131\u2019na ba\u015fta Tataristan medyas\u0131 olmak \u00fczere uluslararas\u0131 ve T\u00fcrk medyas\u0131 b\u00fcy\u00fck ilgi g\u00f6sterdi. Tataristan devlet televizyonu \u015fura ile ilgili \u00f6zel bir ilgi g\u00f6sterdi. Programda T\u00fcrk D\u00fcnyas\u0131 Gazeteciler Federasyonu ve Avrasya Gazete Radyo ve Televizyon Yay\u0131nc\u0131lar Derne\u011fi Genel Ba\u015fkan\u0131 \u0130smail Kahraman\u2019da \u015fura ile ilgili \u00e7ok \u00f6nemli a\u00e7\u0131klamalarda bulundu. Tataristan devlet televizyonunun program\u0131 izlemek i\u00e7in&nbsp;<a href=\"https:\/\/www.youtube.com\/watch?v=S4nn0dV6frI\"><strong>https:\/\/www.youtube.com\/watch?v=S4nn0dV6frI<\/strong><\/a>&nbsp;linkine t\u0131klayabilirsiniz.<\/p>\n\n\n\n<p><strong>Eski\u015fehir\u2019den Kazan\u2019a belgesel filmin gala g\u00f6sterisi<\/strong><\/p>\n\n\n\n<p>Ayr\u0131ca \u015fura a\u00e7\u0131l\u0131\u015f\u0131nda Tataristan tan\u0131t\u0131m filmi be\u011feniyle izlenirken, belgeselci TDGF Genel Ba\u015fkan Yard\u0131mc\u0131s\u0131 ve Avrasya Gazete Radyo ve Televizyon Yay\u0131nc\u0131lar Birli\u011fi Genel Ba\u015fkan\u0131 \u0130smail Kahraman\u2019\u0131n \u201cEski\u015fehir\u2019den Kazan\u201da belgesel film g\u00f6sterimi takdir toplad\u0131. Kahraman, belgesel sonras\u0131 yapt\u0131\u011f\u0131 konu\u015fmada; \u201cT\u00fcrk D\u00fcnyas\u0131 K\u00fclt\u00fcr Ba\u015fkenti olan Eski\u015fehir\u2019de birincisi d\u00fczenlenen gazeteciler \u015furas\u0131 etkinlikleri ile 2014 T\u00fcrk D\u00fcnyas\u0131 K\u00fclt\u00fcr Ba\u015fkenti olan Kazan a\u00e7\u0131l\u0131\u015f t\u00f6renlerinin 120 dakikal\u0131k belgesel \u00e7al\u0131\u015fmas\u0131n\u0131n DVD haline getirilerek \u015furaya kat\u0131lan gazetecilere ve TATMED\u0130A y\u00f6neticilerine hediye edildi\u011fini a\u00e7\u0131klad\u0131.\u201dEski\u015fehir\u2019den Kazan\u2019a belgesel filmini izlemek i\u00e7in&nbsp;<a href=\"https:\/\/www.youtube.com\/watch?v=2C2sVu8a_ko\"><strong>https:\/\/www.youtube.com\/watch?v=2C2sVu8a_k<\/strong>o<\/a>&nbsp;linkine t\u0131klayabilirsiniz. TRT Avaz kanal\u0131nda yay\u0131nlanan program\u0131n g\u00f6r\u00fcnt\u00fclerini de&nbsp;<a href=\"https:\/\/www.facebook.com\/belgeselciismail\/posts\/494295367391742?pnref=story\"><strong>https:\/\/www.facebook.com\/belgeselciismail\/posts\/494295367391742?pnref=story<\/strong><\/a>&nbsp;linkinden izleyebilirsiniz.<\/p>\n","protected":false},"excerpt":{"rendered":"<p>Tataristan medyas\u0131 2. T\u00fcrk D\u00fcnyas\u0131 Gazeteciler \u015euras\u0131\u2019na b\u00fcy\u00fck ilgi g\u00f6sterdi. Tataristan Cumhurba\u015fkanl\u0131\u011f\u0131\u2019n\u0131n himayesinde ger\u00e7ekle\u015fen k\u0131sa ad\u0131 TATMED\u0130A olan Tataristan Medya Bakanl\u0131\u011f\u0131 ile Genel Merkezi Ankara\u2019da bulunan D\u00fcnya T\u00fcrk Gazeteciler Federasyonu\u2019nun ortakla\u015fa organize etti\u011fi 2. T\u00fcrk D\u00fcnyas\u0131 Gazeteciler \u015euras\u0131\u2019na ba\u015fta Tataristan medyas\u0131 olmak \u00fczere uluslararas\u0131 ve T\u00fcrk medyas\u0131 b\u00fcy\u00fck ilgi g\u00f6sterdi. Tataristan devlet televizyonu \u015fura ile [&hellip;]<\/p>\n","protected":false},"author":1,"featured_media":136,"comment_status":"open","ping_status":"open","sticky":false,"template":"","format":"standard","meta":{"footnotes":""},"categories":[3],"tags":[],"class_list":["post-113","post","type-post","status-publish","format-standard","has-post-thumbnail","hentry","category-habeler"],"_links":{"self":[{"href":"https:\/\/www.avrasyagazetecilerdernegi.com\/index.php\/wp-json\/wp\/v2\/posts\/113","targetHints":{"allow":["GET"]}}],"collection":[{"href":"https:\/\/www.avrasyagazetecilerdernegi.com\/index.php\/wp-json\/wp\/v2\/posts"}],"about":[{"href":"https:\/\/www.avrasyagazetecilerdernegi.com\/index.php\/wp-json\/wp\/v2\/types\/post"}],"author":[{"embeddable":true,"href":"https:\/\/www.avrasyagazetecilerdernegi.com\/index.php\/wp-json\/wp\/v2\/users\/1"}],"replies":[{"embeddable":true,"href":"https:\/\/www.avrasyagazetecilerdernegi.com\/index.php\/wp-json\/wp\/v2\/comments?post=113"}],"version-history":[{"count":1,"href":"https:\/\/www.avrasyagazetecilerdernegi.com\/index.php\/wp-json\/wp\/v2\/posts\/113\/revisions"}],"predecessor-version":[{"id":114,"href":"https:\/\/www.avrasyagazetecilerdernegi.com\/index.php\/wp-json\/wp\/v2\/posts\/113\/revisions\/114"}],"wp:featuredmedia":[{"embeddable":true,"href":"https:\/\/www.avrasyagazetecilerdernegi.com\/index.php\/wp-json\/wp\/v2\/media\/136"}],"wp:attachment":[{"href":"https:\/\/www.avrasyagazetecilerdernegi.com\/index.php\/wp-json\/wp\/v2\/media?parent=113"}],"wp:term":[{"taxonomy":"category","embeddable":true,"href":"https:\/\/www.avrasyagazetecilerdernegi.com\/index.php\/wp-json\/wp\/v2\/categories?post=113"},{"taxonomy":"post_tag","embeddable":true,"href":"https:\/\/www.avrasyagazetecilerdernegi.com\/index.php\/wp-json\/wp\/v2\/tags?post=113"}],"curies":[{"name":"wp","href":"https:\/\/api.w.org\/{rel}","templated":true}]}}