{"id":196,"date":"2024-06-20T10:47:08","date_gmt":"2024-06-20T10:47:08","guid":{"rendered":"http:\/\/www.avrasyagazetecilerdernegi.com\/?p=196"},"modified":"2024-06-20T10:47:09","modified_gmt":"2024-06-20T10:47:09","slug":"mevlana-calistayi-ve-belgesel-gosterimi","status":"publish","type":"post","link":"https:\/\/www.avrasyagazetecilerdernegi.com\/index.php\/2024\/06\/20\/mevlana-calistayi-ve-belgesel-gosterimi\/","title":{"rendered":"MEVLANA \u00c7ALI\u015eTAYI VE BELGESEL G\u00d6STER\u0130M\u0130"},"content":{"rendered":"\n<p>KO\u015eYAZ\u2019\u0131n 5.Y\u0131ld\u00f6n\u00fcm\u00fcnde Edebiyatseverler GTO da Bir Araya Geldi<\/p>\n\n\n\n<p>K\u0130TAP SERG\u0130S\u0130 S\u00d6YLE\u015e\u0130 VE MEVLANA ANILDI<\/p>\n\n\n\n<p>K\u0131sa ad\u0131 KO\u015eYAZ olan Kocaeli Kad\u0131n \u015eair ve Yazarlar Platformu 5. kurulu\u015f y\u0131ld\u00f6n\u00fcm\u00fcnde Gebze Ticaret Odas\u0131 ev sahipli\u011finde d\u00fcnya kad\u0131nlar g\u00fcn\u00fcne \u00f6zel program d\u00fczenledi. \u015eehit Ailelerin onur konu\u011fu oldu\u011fu programda \u015eiir Dinletisi, \u0130mza G\u00fcn\u00fc ve T\u00fcrkiye&#8217;de ilk defa yap\u0131lan Zehra Demirci k\u00fcrat\u00f6rl\u00fc\u011f\u00fcnde ger\u00e7ekle\u015ftirilen Yapay Zek\u00e2 Sanat Sergisi(\u015eiir) de yer ald\u0131.<\/p>\n\n\n\n<p>KO\u015eYAZ K\u0130TAP FUARI ETK\u0130NL\u0130\u011e\u0130N\u0130 CANLI YAYINLADIK<\/p>\n\n\n\n<p>Kocaeli \u015fair ve yazarlar platformu taraf\u0131ndan 8 Mart d\u00fcnya kad\u0131nlar g\u00fcn\u00fc dolay\u0131s\u0131 \u0130le GTO da d\u00fczenlenen k\u00fclt\u00fcrel etkinlik <a href=\"https:\/\/l.facebook.com\/l.php?u=http%3A%2F%2Fwww.devrialem.tv%2F%3Ffbclid%3DIwAR089ARXjinHSBQUivWsVMTydkjUBtRb-nYOZcrV0E1xu2U8_TtDvj4Z3A8&amp;h=AT0kxsgjanCTsYBMeo4hraHBP_7q0MyfylAMnV69sIT_6TtO4U9s2F3rjM2wSS8C9gPKVHeDUklS-r9quPMEnVTutSGePqum5oi3CYAMc7uK9-n-I63X92A1p4sUvEVXKXmv&amp;__tn__=-UK-R&amp;c[0]=AT2-ukQFIgpg7G9XvJCi8k8mrozIehroWveKHEckN5I3FrA7UsIWLRsXRVaVzXF_bDYacVxmM2-vmdCjinxBe7c-ftP1knnyjLUSF1RcWvY-dAli6RVShMrElfwVRwIgkUAxqwoK2_EcdokpW7oA1zhoB6o7nmsQE7PphS2ySqdEYFCJ9_k\" rel=\"noreferrer noopener\" target=\"_blank\">www.devrialem.tv<\/a> ve <a href=\"https:\/\/l.facebook.com\/l.php?u=http%3A%2F%2Fwww.gebzegazetesi.com%2F%3Ffbclid%3DIwAR0S5uLvZ9m8id2D854a2fx7PLSfJ6y8x0Z4KHkdY-t6cOv0HeVTqAfChRQ&amp;h=AT2aX0wQdLnVYSl7oWH-7EUguAn-zwotbbmQpmcVjuZRVwd7-r9Df0Vo7z9ULh5GhUH9HbU5QrTdwHrc5fAOSjs86jRBDK0rLbfOW0_Q-lxeDPw5rUfY8Lg-MXJBbSfbHr9M&amp;__tn__=-UK-R&amp;c[0]=AT2-ukQFIgpg7G9XvJCi8k8mrozIehroWveKHEckN5I3FrA7UsIWLRsXRVaVzXF_bDYacVxmM2-vmdCjinxBe7c-ftP1knnyjLUSF1RcWvY-dAli6RVShMrElfwVRwIgkUAxqwoK2_EcdokpW7oA1zhoB6o7nmsQE7PphS2ySqdEYFCJ9_k\" rel=\"noreferrer noopener\" target=\"_blank\">www.gebzegazetesi.com<\/a> da CANLI YAYINLANIYOR<\/p>\n\n\n\n<p><a href=\"https:\/\/www.facebook.com\/share\/v\/LMiMAGLePQqZb43q\/?mibextid=WC7FNe\">https:\/\/www.facebook.com\/share\/v\/LMiMAGLePQqZb43q\/?mibextid=WC7FNe<\/a><\/p>\n\n\n\n<figure class=\"wp-block-gallery has-nested-images columns-default is-cropped wp-block-gallery-1 is-layout-flex wp-block-gallery-is-layout-flex\">\n<figure class=\"wp-block-image size-large\"><img decoding=\"async\" data-id=\"519\" src=\"http:\/\/www.mevlanayolu.com\/wp-content\/uploads\/2024\/03\/PHOTO-2024-03-14-13-17-14-1024x683.jpg\" alt=\"\" class=\"wp-image-519\"\/><\/figure>\n\n\n\n<figure class=\"wp-block-image size-large\"><img decoding=\"async\" data-id=\"522\" src=\"http:\/\/www.mevlanayolu.com\/wp-content\/uploads\/2024\/03\/PHOTO-2024-03-14-13-17-14_1-1024x683.jpg\" alt=\"\" class=\"wp-image-522\"\/><\/figure>\n\n\n\n<figure class=\"wp-block-image size-large\"><img decoding=\"async\" data-id=\"523\" src=\"http:\/\/www.mevlanayolu.com\/wp-content\/uploads\/2024\/03\/PHOTO-2024-03-14-13-17-14_2-1-1024x683.jpg\" alt=\"\" class=\"wp-image-523\"\/><\/figure>\n\n\n\n<figure class=\"wp-block-image size-large\"><img decoding=\"async\" data-id=\"520\" src=\"http:\/\/www.mevlanayolu.com\/wp-content\/uploads\/2024\/03\/PHOTO-2024-03-14-13-17-15-683x1024.jpg\" alt=\"\" class=\"wp-image-520\"\/><\/figure>\n\n\n\n<figure class=\"wp-block-image size-large\"><img decoding=\"async\" data-id=\"521\" src=\"http:\/\/www.mevlanayolu.com\/wp-content\/uploads\/2024\/03\/PHOTO-2024-03-14-13-17-15_1-1024x683.jpg\" alt=\"\" class=\"wp-image-521\"\/><\/figure>\n\n\n\n<figure class=\"wp-block-image size-large\"><img decoding=\"async\" data-id=\"524\" src=\"http:\/\/www.mevlanayolu.com\/wp-content\/uploads\/2024\/03\/PHOTO-2024-03-14-13-17-15_2-1024x683.jpg\" alt=\"\" class=\"wp-image-524\"\/><\/figure>\n\n\n\n<figure class=\"wp-block-image size-large\"><img decoding=\"async\" data-id=\"529\" src=\"http:\/\/www.mevlanayolu.com\/wp-content\/uploads\/2024\/03\/PHOTO-2024-03-14-13-17-15_3-768x1024.jpg\" alt=\"\" class=\"wp-image-529\"\/><\/figure>\n\n\n\n<figure class=\"wp-block-image size-large\"><img decoding=\"async\" data-id=\"532\" src=\"http:\/\/www.mevlanayolu.com\/wp-content\/uploads\/2024\/03\/PHOTO-2024-03-14-13-17-15_4-1024x768.jpg\" alt=\"\" class=\"wp-image-532\"\/><\/figure>\n\n\n\n<figure class=\"wp-block-image size-large\"><img decoding=\"async\" data-id=\"525\" src=\"http:\/\/www.mevlanayolu.com\/wp-content\/uploads\/2024\/03\/PHOTO-2024-03-14-13-17-16-1024x683.jpg\" alt=\"\" class=\"wp-image-525\"\/><\/figure>\n\n\n\n<figure class=\"wp-block-image size-large\"><img decoding=\"async\" data-id=\"526\" src=\"http:\/\/www.mevlanayolu.com\/wp-content\/uploads\/2024\/03\/PHOTO-2024-03-14-13-17-16_1-1024x682.jpg\" alt=\"\" class=\"wp-image-526\"\/><\/figure>\n\n\n\n<figure class=\"wp-block-image size-large\"><img decoding=\"async\" data-id=\"528\" src=\"http:\/\/www.mevlanayolu.com\/wp-content\/uploads\/2024\/03\/PHOTO-2024-03-14-13-17-16_2-1024x682.jpg\" alt=\"\" class=\"wp-image-528\"\/><\/figure>\n\n\n\n<figure class=\"wp-block-image size-large\"><img decoding=\"async\" data-id=\"527\" src=\"http:\/\/www.mevlanayolu.com\/wp-content\/uploads\/2024\/03\/PHOTO-2024-03-14-13-17-16_3-1024x683.jpg\" alt=\"\" class=\"wp-image-527\"\/><\/figure>\n\n\n\n<figure class=\"wp-block-image size-large\"><img decoding=\"async\" data-id=\"530\" src=\"http:\/\/www.mevlanayolu.com\/wp-content\/uploads\/2024\/03\/PHOTO-2024-03-14-13-17-16_4-768x1024.jpg\" alt=\"\" class=\"wp-image-530\"\/><\/figure>\n\n\n\n<figure class=\"wp-block-image size-large\"><img decoding=\"async\" data-id=\"531\" src=\"http:\/\/www.mevlanayolu.com\/wp-content\/uploads\/2024\/03\/PHOTO-2024-03-14-13-17-17-768x1024.jpg\" alt=\"\" class=\"wp-image-531\"\/><\/figure>\n<\/figure>\n\n\n\n<p>EDEB\u0130YAT VE K\u00dcLT\u00dcRDE KADINLARIMIZIN BA\u015eARISI<\/p>\n\n\n\n<p>Edebiyat, sanat ve siyaset camias\u0131ndan bir\u00e7ok ismin i\u015ftirak etti\u011fi programa Gebze Belediye Ba\u015fkan\u0131 Zinnur B\u00fcy\u00fckg\u00f6z ve Gebze Ticaret Odas\u0131 Ba\u015fkan\u0131 Abdurrahman Aslant\u00fcrk\u2019\u00fcn konu\u015fmalar\u0131 da yer ald\u0131. 9 Mart\u2019ta ger\u00e7ekle\u015fen programda Kocaeli Kad\u0131n \u015eair ve Yazarlar Platformu ba\u015fkan\u0131 Hacer Alio\u011flu-Yakuti a\u00e7\u0131l\u0131\u015f konu\u015fmas\u0131 s\u0131ras\u0131nda seslendirdi\u011fi \u015fehit \u00d6m\u00fcr Erg\u00fcl&#8217;e yaz\u0131lan \u015fehit mektubu salondaki misafirlere duygulu anlar ya\u015fatt\u0131. Sunumunu Zehra Demirci&#8217;nin yapt\u0131\u011f\u0131 programda, konu\u015fma yapan, \u015fiir seslendiren ve kitap imzalayan yazarlar aras\u0131nda Ay\u015fe Polat \u00d6\u011f\u00fcn\u00e7, \u00d6zge Erbay, Beyza Erbay, \u00d6d\u00fcl Ece K\u0131z\u0131lda\u011f, Zeynep han\u0131m, Kevser H\u00fclya G\u00fcner, Semra \u00d6rnek, Sebahat Atilla Kevser Aslant\u00fcrk, Demet G\u00f6z\u00fctok, M\u00fczeyyen Ocakl\u0131, Bahriye G\u00fcrp\u0131nar Geredeli, \u00dcmran Yava\u015f Tepecik, H\u00fclya Ekmekci, Ay\u015fe Oval\u0131, \u00d6zlem Pazvant, Hil\u00e2l Kaya, Sinem Dild\u00e2de, Sibel \u00c7akcak, Nevriye Cura Gir, Nisanur Ko\u00e7o\u011flu, M\u00fcnteha \u00c7eb ve Nurg\u00fcl Doruk&#8217;da yer ald\u0131.<\/p>\n\n\n\n<p>MEVLANA \u00c7ALI\u015eTAYI VE BELGESEL G\u00d6STER\u0130M\u0130<\/p>\n\n\n\n<p>Bu y\u0131l\u0131n Mevlana Y\u0131l\u0131 olma dolay\u0131s\u0131yla kad\u0131n yazarlar, program \u00f6ncesi ara\u015ft\u0131rmac\u0131-yazar \u0130smail Kahraman \u00f6nc\u00fcl\u00fc\u011f\u00fcnde bir s\u00f6yle\u015fi ger\u00e7ekle\u015ftirdiler. Program\u0131n sonunda Sinema oyuncu y\u00f6netmeni sanat\u00e7\u0131 Ekrem Cincil ve Gitarist Mehmet birbirinden g\u00fczel eserleri icra ettiler.<\/p>\n\n\n\n<figure class=\"wp-block-embed is-type-video is-provider-youtube wp-block-embed-youtube wp-embed-aspect-16-9 wp-has-aspect-ratio\"><div class=\"wp-block-embed__wrapper\">\n<iframe loading=\"lazy\" title=\"Kocaeli Ko\u015fyaz&#039;dan  Mevlana \u00c7al\u0131\u015ftay\u0131. Kocaeli Kad\u0131n \u015eair ve Yazarlar Platformunun GTO Kitap Sergisi\" width=\"640\" height=\"360\" src=\"https:\/\/www.youtube.com\/embed\/MCdSC_J5Y5M?feature=oembed\" frameborder=\"0\" allow=\"accelerometer; autoplay; clipboard-write; encrypted-media; gyroscope; picture-in-picture; web-share\" referrerpolicy=\"strict-origin-when-cross-origin\" allowfullscreen><\/iframe>\n<\/div><\/figure>\n","protected":false},"excerpt":{"rendered":"<p>KO\u015eYAZ\u2019\u0131n 5.Y\u0131ld\u00f6n\u00fcm\u00fcnde Edebiyatseverler GTO da Bir Araya Geldi K\u0130TAP SERG\u0130S\u0130 S\u00d6YLE\u015e\u0130 VE MEVLANA ANILDI K\u0131sa ad\u0131 KO\u015eYAZ olan Kocaeli Kad\u0131n \u015eair ve Yazarlar Platformu 5. kurulu\u015f y\u0131ld\u00f6n\u00fcm\u00fcnde Gebze Ticaret Odas\u0131 ev sahipli\u011finde d\u00fcnya kad\u0131nlar g\u00fcn\u00fcne \u00f6zel program d\u00fczenledi. \u015eehit Ailelerin onur konu\u011fu oldu\u011fu programda \u015eiir Dinletisi, \u0130mza G\u00fcn\u00fc ve T\u00fcrkiye&#8217;de ilk defa yap\u0131lan Zehra Demirci [&hellip;]<\/p>\n","protected":false},"author":1,"featured_media":197,"comment_status":"open","ping_status":"open","sticky":false,"template":"","format":"standard","meta":{"footnotes":""},"categories":[3],"tags":[],"class_list":["post-196","post","type-post","status-publish","format-standard","has-post-thumbnail","hentry","category-habeler"],"_links":{"self":[{"href":"https:\/\/www.avrasyagazetecilerdernegi.com\/index.php\/wp-json\/wp\/v2\/posts\/196","targetHints":{"allow":["GET"]}}],"collection":[{"href":"https:\/\/www.avrasyagazetecilerdernegi.com\/index.php\/wp-json\/wp\/v2\/posts"}],"about":[{"href":"https:\/\/www.avrasyagazetecilerdernegi.com\/index.php\/wp-json\/wp\/v2\/types\/post"}],"author":[{"embeddable":true,"href":"https:\/\/www.avrasyagazetecilerdernegi.com\/index.php\/wp-json\/wp\/v2\/users\/1"}],"replies":[{"embeddable":true,"href":"https:\/\/www.avrasyagazetecilerdernegi.com\/index.php\/wp-json\/wp\/v2\/comments?post=196"}],"version-history":[{"count":1,"href":"https:\/\/www.avrasyagazetecilerdernegi.com\/index.php\/wp-json\/wp\/v2\/posts\/196\/revisions"}],"predecessor-version":[{"id":198,"href":"https:\/\/www.avrasyagazetecilerdernegi.com\/index.php\/wp-json\/wp\/v2\/posts\/196\/revisions\/198"}],"wp:featuredmedia":[{"embeddable":true,"href":"https:\/\/www.avrasyagazetecilerdernegi.com\/index.php\/wp-json\/wp\/v2\/media\/197"}],"wp:attachment":[{"href":"https:\/\/www.avrasyagazetecilerdernegi.com\/index.php\/wp-json\/wp\/v2\/media?parent=196"}],"wp:term":[{"taxonomy":"category","embeddable":true,"href":"https:\/\/www.avrasyagazetecilerdernegi.com\/index.php\/wp-json\/wp\/v2\/categories?post=196"},{"taxonomy":"post_tag","embeddable":true,"href":"https:\/\/www.avrasyagazetecilerdernegi.com\/index.php\/wp-json\/wp\/v2\/tags?post=196"}],"curies":[{"name":"wp","href":"https:\/\/api.w.org\/{rel}","templated":true}]}}