{"id":202,"date":"2024-06-20T10:57:33","date_gmt":"2024-06-20T10:57:33","guid":{"rendered":"http:\/\/www.avrasyagazetecilerdernegi.com\/?p=202"},"modified":"2024-06-20T10:57:34","modified_gmt":"2024-06-20T10:57:34","slug":"vakiflar-haftasinda-mevlana-sevgi-ve-vakif-yolu-belgesel-gosterimi-ve-fotograf-sergisi","status":"publish","type":"post","link":"https:\/\/www.avrasyagazetecilerdernegi.com\/index.php\/2024\/06\/20\/vakiflar-haftasinda-mevlana-sevgi-ve-vakif-yolu-belgesel-gosterimi-ve-fotograf-sergisi\/","title":{"rendered":"VAKIFLAR HAFTASINDA MEVLANA SEVG\u0130 VE VAKIF YOLU BELGESEL G\u00d6STER\u0130M\u0130 VE FOTO\u011eRAF SERG\u0130S\u0130"},"content":{"rendered":"\n<p>\u0130L\u0130M K\u00dcLT\u00dcR TAR\u0130H ARA\u015eTIRMA MERKEZ\u0130&nbsp;<a href=\"http:\/\/www.iktav.com\/\" target=\"_blank\" rel=\"noreferrer noopener\">www.iktav.com<\/a>&nbsp;DEVR\u0130 ALEM BELGESEL PROGRAMI&nbsp;<a href=\"http:\/\/www.devrialem.tv\/\" target=\"_blank\" rel=\"noreferrer noopener\">www.devrialem.tv<\/a>&nbsp;VE GEBZE GAZETES\u0130&nbsp;<a href=\"http:\/\/www.gebzegazetesi.com\/\" target=\"_blank\" rel=\"noreferrer noopener\">www.gebzegazetesi.com<\/a>&nbsp;OLARAK VAKIFLAR HAFTASI KUTLAMA ETK\u0130NL\u0130KLER\u0130NE DESTEK VE KATKI SUNMAYA DEVAM ED\u0130YORUZ.<\/p>\n\n\n\n<p>D\u0130LOVASI&#8217;NDA MEVLANA SEVG\u0130 YOLU BELGESEL G\u00d6STER\u0130M\u0130<\/p>\n\n\n\n<p>VAKIFLAR HAFTASI DOLAYISI \u0130LE D\u0130LOVASI \u0130MAM HAT\u0130P OKULU&#8217;NDA HORASAN&#8217;DAN ANADOLU&#8217;YA MEVLANA YOLU BELGESEL G\u00d6STER\u0130M\u0130NDEN&nbsp;<a href=\"http:\/\/www.devrialem.tv\/\" target=\"_blank\" rel=\"noreferrer noopener\">www.devrialem.tv<\/a>&nbsp;ve&nbsp;<a href=\"http:\/\/www.gebzegazetesi.com\/\" target=\"_blank\" rel=\"noreferrer noopener\">www.gebzegazetesi.com<\/a>&nbsp;CANLI YAYINDA<\/p>\n\n\n\n<p>CANLI YAYINI \u0130ZLEMEK \u0130\u00c7\u0130N TIKLAYIN<\/p>\n\n\n\n<p><a href=\"https:\/\/www.facebook.com\/share\/v\/DBeNNeQ9Eu3DY3k5\/?mibextid=WC7FNe\">https:\/\/www.facebook.com\/share\/v\/DBeNNeQ9Eu3DY3k5\/?mibextid=WC7FNe<\/a><\/p>\n\n\n\n<p>D\u0130LOVASI&#8217;NDAK\u0130 PROGRAMDAN NOTLAR<\/p>\n\n\n\n<p>Vak\u0131flar Haftas\u0131 dolay\u0131s\u0131 ile Osmanl\u0131&#8217;da ilk vak\u0131flardan olan Gemiciler Vakf\u0131&#8217;n\u0131n kuruldu\u011fu Kocaeli&#8217;nin Dilovas\u0131 il\u00e7esini \u00f6\u011frencilere tan\u0131t\u0131p sevdirmek i\u00e7in okul m\u00fcd\u00fcrl\u00fc\u011f\u00fc ve \u0130lim K\u00fclt\u00fcr Tarih Ara\u015ft\u0131rmalar\u0131 Merkezi&nbsp;<a href=\"http:\/\/www.iktav.com\/\" target=\"_blank\" rel=\"noreferrer noopener\">www.iktav.com<\/a>&nbsp;i\u015fbirli\u011fi ile \u015eehit Mehmet Kocabay \u0130mam Hatip Ortaokulu&#8217;nda d\u00fczenlenen &#8220;Dilovas\u0131 Sevgisi&#8221; temal\u0131 \u015fiir yar\u0131\u015fmas\u0131nda dereceye giren \u00f6\u011frencilere \u00f6d\u00fclleri verildi.<\/p>\n\n\n\n<p>Cumhurba\u015fkanl\u0131\u011f\u0131 kararnamesi ile 2023 Mevlana Y\u0131l\u0131 dolay\u0131s\u0131 ile \u0130\u00e7i\u015fleri Bakanl\u0131\u011f\u0131 Prodes projesi kapsam\u0131nda haz\u0131rlanan&nbsp;<a href=\"http:\/\/www.mevlanayolu.com\/\" target=\"_blank\" rel=\"noreferrer noopener\">www.mevlanayolu.com<\/a>&nbsp;projesinde yay\u0131nlanan belgesel b\u00fcy\u00fck ilgi g\u00f6rd\u00fc.<\/p>\n\n\n\n<p>Mevlana\u2019n\u0131n d\u00fcnyaya geldi\u011fi Afganistan\u2019\u0131n Belh kentinden Konya\u2019ya gelirken 800 y\u0131l \u00f6nce takip etti\u011fi yol g\u00fczergah\u0131 T\u00fcrkmenistan, \u0130ran, Irak, Suudi Arabistan, Suriye ve T\u00fcrkiye\u2019de ge\u00e7ti\u011fi \u015fehirlerde \u00e7ekilen &#8220;Mevl\u00e2na Yolu ve Vak\u0131f Medeniyeti &#8221; belgeseli sinevizyon g\u00f6sterisi yap\u0131ld\u0131 ve foto\u011fraf sergisi a\u00e7\u0131ld\u0131.<\/p>\n\n\n\n<p>Vak\u0131flar Haftas\u0131 kapsam\u0131nda d\u00fczenlenen etkinli\u011fe Dilovas\u0131 \u0130l\u00e7e Milli E\u011fitim M\u00fcd\u00fcr\u00fc Murat Balay, Okul m\u00fcd\u00fcr\u00fc Abdullah Elen, Bili\u015fim ve Teknoloji Vakf\u0131 ba\u015fkan\u0131 yazar ve k\u00fclt\u00fcr adam\u0131 Nedret Demir, \u015eair yazar Mehmet As\u0131f I\u015f\u0131k \u00f6\u011fretmen ve \u00f6\u011frenciler kat\u0131ld\u0131.<\/p>\n\n\n\n<p>\u015eA\u0130R VE YAZAR MEHMET ASIF I\u015eIK&#8217;IN YAZISI<\/p>\n\n\n\n<p>D\u0130LOVASI MEVLANA\u2019YI M\u0130SAF\u0130R ETT\u0130<\/p>\n\n\n\n<p>Yazan : Mehmet As\u0131f I\u015eIK<\/p>\n\n\n\n<p>Bir hadis-i \u015ferifte mealen &#8220;vatan sevgisi imandand\u0131r&#8221; buyurulmu\u015ftur.<\/p>\n\n\n\n<p>Merkezi Gebze&#8217;de bulunan \u0130lim, K\u00fclt\u00fcr ve Tarih Ara\u015ft\u0131rmalar\u0131 Merkezi \u00dclkemizin \u00f6nemli sanayi \u00fcslerinden biri olarak bilinen fakat asl\u0131nda bir o kadar da tarihi de\u011feri bulunan Dilovas\u0131 il\u00e7esini \u00f6\u011frencilere sevdirmek gayesiyle \u015eehit Mehmet Kocabay \u0130mam Hatip Ortaokulunda d\u00fczenlenen &#8220;Mevlana ve Dilovas\u0131 Sevgisi&#8221; temal\u0131 \u015fiir yar\u0131\u015fmas\u0131nda ilk 5 dereceye giren Nurhayat Bahar, Ezo Bakay, Nuray Sar\u0131, Cansu Y\u0131ld\u0131r\u0131m ve B\u00fc\u015fra Palia\u011fa isimli \u00f6\u011frencilere \u00f6d\u00fclleri verildi.<\/p>\n\n\n\n<p>Programda \u00f6\u011frencilere ayr\u0131ca d\u00fcnya gezgini, \u00e7a\u011fda\u015f Evliya \u00c7elebi Gazeteci-Yazar \u0130smail Kahraman&#8217;\u0131n haz\u0131rlad\u0131\u011f\u0131 Mevlana Celaleddin-i Rumi\u2019nin, bug\u00fcn Afganistan s\u0131n\u0131rlar\u0131 i\u00e7inde bulunan d\u00fcnyaya geldi\u011fi Belh \u015fehrinden \u201cAlimler Sultan\u0131\u201d lakapl\u0131 babas\u0131 Bahaeddin Veled ile birlikte, Ni\u015fabur, Tahran, Ba\u011fdat, \u015eam, Mekke, Medine, Malatya, Karaman ve nihayet Konya\u2019ya geli\u015f ser\u00fcveni, y\u0131llar y\u0131l\u0131 s\u00fcren uzun hakikati aray\u0131\u015f seyahati ve Celaleddin\u2019i Mevlana yapan bu yolculu\u011fun &#8220;Mevl\u00e2na Yolu&#8221; adl\u0131 belgeselin sinevizyon g\u00f6sterimi yap\u0131ld\u0131.<\/p>\n\n\n\n<p>\u0130nsan i\u00e7inde ya\u015fad\u0131\u011f\u0131, havas\u0131n\u0131 teneff\u00fcs etti\u011fi, topra\u011f\u0131na k\u00f6k sal\u0131p kopmayacak sa\u011flam ba\u011flarla ba\u011fland\u0131\u011f\u0131 \u015fehri\/beldeyi elbette sevmeli. Tabii ki ya\u015fad\u0131\u011f\u0131m\u0131z beldeler ve \u015fehirler vatan\u0131n birer par\u00e7as\u0131d\u0131r ve \u015fehrimizi sevmek te imandan say\u0131l\u0131r. Sevip ya\u015fad\u0131\u011f\u0131m\u0131z yerleri her y\u00f6n\u00fcyle, tarihi ge\u00e7mi\u015fiyle, bug\u00fcn\u00fcyle ve i\u00e7indeki -tabir yerindeyse- b\u00fct\u00fcn k\u00f6\u015fesi-buca\u011f\u0131yla, adeta mahremiyle de bilmeliyiz; sakinlerinin ve i\u00e7inde ya\u015fayanlar\u0131n g\u00f6r\u00fcp bilebilece\u011fi en sakl\u0131-gizli mek\u00e2nlar\u0131yla ve kendine mahsus \u00f6zellikleriyle\u2026<\/p>\n\n\n\n<p>Misafiri oldu\u011fumuz imam-hatip okulda, \u00f6\u011frenciler \u015fiirleriyle Mevlana\u2019y\u0131 hayalen Dilovas\u0131\u2019yla bulu\u015fturup misafir eden ve sokaklar\u0131nda gezdiren m\u00fcstakbel \u015fairler olacak gen\u00e7lerin y\u00fcreklerinden akan \u015fiirlerinden baz\u0131 b\u00f6l\u00fcmleri sunmak isterim.<\/p>\n\n\n\n<p>\u201cHo\u015fg\u00f6r\u00fcs\u00fcn\u00fc and\u0131ran serin esintiler\/Ku\u015flar\u0131n c\u0131v\u0131lt\u0131s\u0131yla sokaklar\u0131 gezinirler\/Yollar\u0131nda y\u00fcr\u00fcmek ne kadar da g\u00fczel\/Y\u00fcr\u00fcyende kal\u0131r ne h\u00fcz\u00fcn ne de keder\/ Sahiline bakar Seyir Tepesi\/G\u00f6r\u00fcnce sevindirir herkesi\/Ufuklara bakt\u0131k\u00e7a a\u00e7\u0131l\u0131r ruhun\/Mevlana\u2019n\u0131n eserlerine bakt\u0131\u011f\u0131n gibi\u201d (Nurhayat Bahar 7 10-A Proje S\u0131n\u0131f\u0131)<\/p>\n\n\n\n<p>\u201cMevlana\u2019n\u0131n s\u00f6zleri ruhlara dokunur\/Dilovas\u0131\u2019n\u0131n sokaklar\u0131nda bile okunur\/Her bir kalpte a\u015fk\u0131n izleri\/Kendine b\u00fcy\u00fck bir yer bulur\u201d (Nuray Sar\u0131 \/ 10-B Proje S\u0131n\u0131f\u0131)<\/p>\n\n\n\n<p>\u201cKim bilebilirdi ki Mevlana\/Kalpleri yumu\u015fat\u0131p sevgiyle dolduracak\/Ve kim bilebilirdi ki Dilovas\u0131\/\u0130nsanlara korunakl\u0131 bir hayat sunacak\/Kim bilebilirdi ki Mevlana\u2019n\u0131n izinde Dilovas\u0131\/Tek bir ama\u00e7la m\u00fccadele edecek\u201d (B\u00fc\u015fra Palia\u011fa \/ 10-B Proje S\u0131n\u0131f\u0131)<\/p>\n\n\n\n<p>\u201cSelam sana ya Mevlana\/Can\u0131m canan\u0131m ba\u011fl\u0131d\u0131r sana\/A\u015fkla yola \u00e7\u0131kan her insan\/Elbet bir g\u00fcn u\u011fran sana\/\u2026 \/Ba\u011fl\u0131d\u0131r bu Dilovas\u0131 sana\/Da\u011flar ta\u015flar u\u00e7an ku\u015flar\/D\u00fc\u015ferse e\u011fer bir g\u00fcn dara\/ Elbet bir g\u00fcn u\u011fran sana\/\u2026\u201d (Ezo Bakay \/ 10-A Proje S\u0131n\u0131f\u0131)<\/p>\n\n\n\n<p>\u201cMevlana\u2019n\u0131n izinde sevgi\/Dilovas\u0131\u2019na da gerekli\/Birbirimizi seversek e\u011fer\/Neler ne g\u00fczellikler olmaz ki\u201d (Cans\u0131 Y\u0131ld\u0131r\u0131m \/ 10-A Proje S\u0131n\u0131f\u0131)<\/p>\n\n\n\n<p>Bu \u00e7ok \u00f6nemli olan \u015fehirlilik ve beldeyi sahiplenme bilinci asl\u0131nda \u00f6\u011frenciler ve \u015fehir\/belde halk\u0131 kadar, belki de \u00e7ok daha fazlas\u0131yla Dilovas\u0131 il\u00e7esinin etraf\u0131nda \u00fcs kurmu\u015f, buradaki ticari ve end\u00fcstriyel faaliyetlerle b\u00fcy\u00fck kazan\u00e7 elde eden y\u00fczlerce sanayi kurulu\u015funun tepe y\u00f6neticilerinden en alt kademe \u00e7al\u0131\u015fanlar\u0131na kadar t\u00fcm\u00fcne verilmeli. \u00d6yle olmal\u0131 ki, sevdi\u011fimiz, i\u00e7inde ya\u015fad\u0131\u011f\u0131m\u0131z, binlerce hat\u0131ras\u0131yla sevgisini g\u00f6n\u00fcllerimize i\u015fleyip ya\u015fatt\u0131\u011f\u0131m\u0131z g\u00fczelim \u015fehirlerimizin yar\u0131nlar\u0131 da ya\u015fanabilir olsun.<\/p>\n\n\n\n<p>Vak\u0131flar Haftas\u0131 m\u00fcnasebetiyle \u00f6d\u00fcl t\u00f6reninde bulundu\u011fumuz \u201cMevlana ve Dilovas\u0131\u201d temal\u0131 \u015fiir yar\u0131\u015fmas\u0131 ile galas\u0131nda bulundu\u011fumuz \u201cMevlana Yolu\u201d belgeselin g\u00f6sterimine \u00f6\u011frenciler b\u00fcy\u00fck ilgi g\u00f6sterdi. \u0130\u015fin do\u011frusu, bir k\u00fclt\u00fcr ve sanat g\u00f6n\u00fcll\u00fcs\u00fc olarak beni as\u0131l sevindiren ise devam\u0131n\u0131 hem misafiri oldu\u011fumuz, hem de emsali di\u011fer okullardan bekledi\u011fimiz bu g\u00fczel faaliyet oldu. Bu gen\u00e7 \u00f6\u011frencilerimiz, \u015fu an k\u00f6rpe y\u00fcreklerindeki bu yetene\u011fi, bu yaz\u0131p \u00e7izme kabiliyetini b\u00fcy\u00fct\u00fcp geli\u015ftirebilirlerse do\u011fup b\u00fcy\u00fcmekte olduklar\u0131 Dilovas\u0131\u2019n\u0131n k\u00fclt\u00fcr ve sanat havuzuna katk\u0131 sa\u011flayacaklard\u0131r.<\/p>\n\n\n\n<p>Yurti\u00e7inden ald\u0131\u011f\u0131 g\u00f6\u00e7lerle \u00dclkemizin \u00f6nde gelen sosyal laboratuvar diyebilece\u011fimiz i\u015f\u00e7i \u015fehirlerden Dilovas\u0131&#8217;n\u0131n gen\u00e7 \u00f6\u011frencilerinin k\u00fclt\u00fcrle, sanatla, edebiyat\u0131n nazl\u0131 k\u0131z\u0131 olan \u015fiirle beslenip yeti\u015ferek bu y\u00f6nde kabiliyet edinmeleri memnuniyet vericiydi. Program sonraki sohbetimizde \u0130l\u00e7e Milli E\u011fitim M\u00fcd\u00fcr\u00fc say\u0131n Murat Balay&#8217;a bu gibi etkinliklerin devam\u0131n\u0131n sa\u011flanmas\u0131n\u0131, gen\u00e7 yeteneklerin b\u00f6ylesi \u00f6zendirici faaliyetlerle meyve verebilece\u011fini konu\u015ftuk. Ecdad\u0131n ifadesiyle, &#8220;Maharet iltifata tabidir.&#8221;<\/p>\n\n\n\n<p>Bu programa katk\u0131 sunan b\u00fct\u00fcn kurulu\u015flara, vakfa ve okul idaresine takdir ve tebriklerimi sunar\u0131m.<\/p>\n","protected":false},"excerpt":{"rendered":"<p>\u0130L\u0130M K\u00dcLT\u00dcR TAR\u0130H ARA\u015eTIRMA MERKEZ\u0130&nbsp;www.iktav.com&nbsp;DEVR\u0130 ALEM BELGESEL PROGRAMI&nbsp;www.devrialem.tv&nbsp;VE GEBZE GAZETES\u0130&nbsp;www.gebzegazetesi.com&nbsp;OLARAK VAKIFLAR HAFTASI KUTLAMA ETK\u0130NL\u0130KLER\u0130NE DESTEK VE KATKI SUNMAYA DEVAM ED\u0130YORUZ. D\u0130LOVASI&#8217;NDA MEVLANA SEVG\u0130 YOLU BELGESEL G\u00d6STER\u0130M\u0130 VAKIFLAR HAFTASI DOLAYISI \u0130LE D\u0130LOVASI \u0130MAM HAT\u0130P OKULU&#8217;NDA HORASAN&#8217;DAN ANADOLU&#8217;YA MEVLANA YOLU BELGESEL G\u00d6STER\u0130M\u0130NDEN&nbsp;www.devrialem.tv&nbsp;ve&nbsp;www.gebzegazetesi.com&nbsp;CANLI YAYINDA CANLI YAYINI \u0130ZLEMEK \u0130\u00c7\u0130N TIKLAYIN https:\/\/www.facebook.com\/share\/v\/DBeNNeQ9Eu3DY3k5\/?mibextid=WC7FNe D\u0130LOVASI&#8217;NDAK\u0130 PROGRAMDAN NOTLAR Vak\u0131flar Haftas\u0131 dolay\u0131s\u0131 ile Osmanl\u0131&#8217;da [&hellip;]<\/p>\n","protected":false},"author":1,"featured_media":203,"comment_status":"open","ping_status":"open","sticky":false,"template":"","format":"standard","meta":{"footnotes":""},"categories":[3],"tags":[],"class_list":["post-202","post","type-post","status-publish","format-standard","has-post-thumbnail","hentry","category-habeler"],"_links":{"self":[{"href":"https:\/\/www.avrasyagazetecilerdernegi.com\/index.php\/wp-json\/wp\/v2\/posts\/202","targetHints":{"allow":["GET"]}}],"collection":[{"href":"https:\/\/www.avrasyagazetecilerdernegi.com\/index.php\/wp-json\/wp\/v2\/posts"}],"about":[{"href":"https:\/\/www.avrasyagazetecilerdernegi.com\/index.php\/wp-json\/wp\/v2\/types\/post"}],"author":[{"embeddable":true,"href":"https:\/\/www.avrasyagazetecilerdernegi.com\/index.php\/wp-json\/wp\/v2\/users\/1"}],"replies":[{"embeddable":true,"href":"https:\/\/www.avrasyagazetecilerdernegi.com\/index.php\/wp-json\/wp\/v2\/comments?post=202"}],"version-history":[{"count":1,"href":"https:\/\/www.avrasyagazetecilerdernegi.com\/index.php\/wp-json\/wp\/v2\/posts\/202\/revisions"}],"predecessor-version":[{"id":204,"href":"https:\/\/www.avrasyagazetecilerdernegi.com\/index.php\/wp-json\/wp\/v2\/posts\/202\/revisions\/204"}],"wp:featuredmedia":[{"embeddable":true,"href":"https:\/\/www.avrasyagazetecilerdernegi.com\/index.php\/wp-json\/wp\/v2\/media\/203"}],"wp:attachment":[{"href":"https:\/\/www.avrasyagazetecilerdernegi.com\/index.php\/wp-json\/wp\/v2\/media?parent=202"}],"wp:term":[{"taxonomy":"category","embeddable":true,"href":"https:\/\/www.avrasyagazetecilerdernegi.com\/index.php\/wp-json\/wp\/v2\/categories?post=202"},{"taxonomy":"post_tag","embeddable":true,"href":"https:\/\/www.avrasyagazetecilerdernegi.com\/index.php\/wp-json\/wp\/v2\/tags?post=202"}],"curies":[{"name":"wp","href":"https:\/\/api.w.org\/{rel}","templated":true}]}}