{"id":205,"date":"2024-06-20T10:58:47","date_gmt":"2024-06-20T10:58:47","guid":{"rendered":"http:\/\/www.avrasyagazetecilerdernegi.com\/?p=205"},"modified":"2024-06-20T10:58:48","modified_gmt":"2024-06-20T10:58:48","slug":"iktavdan-ogrencilere-mevlana-dersi","status":"publish","type":"post","link":"https:\/\/www.avrasyagazetecilerdernegi.com\/index.php\/2024\/06\/20\/iktavdan-ogrencilere-mevlana-dersi\/","title":{"rendered":"\u0130KTAV\u2019dan \u00f6\u011frencilere \u201cMevlana\u201d dersi"},"content":{"rendered":"\n<p>\u0130KTAV Ba\u015fkan\u0131 gazeteci belgeselci \u0130smail Kahraman taraf\u0131ndan \u201ckariyer haftas\u0131\u201d etkinlikleri kapsam\u0131nda Dilovas\u0131 \u015eehit \u0130limdar Atasoy Anadolu \u0130mam Hatip Lisesi\u2019nde \u00f6\u011frencilere \u201cMevlana Sevgi Yolu Belgesel G\u00f6sterimi Vakf\u0131 Medeniyeti\u201d isimli programla T\u00fcrk d\u00fc\u015f\u00fcn\u00fcr mutasavv\u0131f Mevlana Celaleddin Rum-i\u2019nin ya\u015fam\u0131 hakk\u0131nda bilgiler verildi.<\/p>\n\n\n\n<figure class=\"wp-block-image size-large\"><img decoding=\"async\" src=\"http:\/\/www.mevlanayolu.com\/wp-content\/uploads\/2024\/05\/DSC05385-1024x576.jpg\" alt=\"\" class=\"wp-image-546\"\/><\/figure>\n\n\n\n<p>Gazeteci Kahraman taraf\u0131ndan haz\u0131rlanan \u201cBelh\u2019den Konya\u2019ya\u201d i\u00e7erikli Mevlana\u2019n\u0131n hayat\u0131n\u0131 anlatan film g\u00f6sterimi sunuldu. Gen\u00e7lerin b\u00fcy\u00fck bir ilgiyle izledi\u011fi belgeselde gen\u00e7ler tarih ve k\u00fclt\u00fcr\u00fcm\u00fczle ilgili meraklar\u0131n\u0131 giderdi. <\/p>\n\n\n\n<p>\u0130KTAV taraf\u0131ndan haz\u0131rlanan programda Dilovas\u0131 \u0130l\u00e7e Milli E\u011fitim M\u00fcd\u00fcr\u00fc Murat Balay, yazar, d\u00fc\u015f\u00fcn\u00fcr Mehmet As\u0131f I\u015f\u0131k, yazar \u015fair Necdet Demir de haz\u0131r bulundu. Program\u0131n sonunda gen\u00e7lere \u0130KTAV taraf\u0131ndan haz\u0131rlanan hediyeler verildi.<\/p>\n","protected":false},"excerpt":{"rendered":"<p>\u0130KTAV Ba\u015fkan\u0131 gazeteci belgeselci \u0130smail Kahraman taraf\u0131ndan \u201ckariyer haftas\u0131\u201d etkinlikleri kapsam\u0131nda Dilovas\u0131 \u015eehit \u0130limdar Atasoy Anadolu \u0130mam Hatip Lisesi\u2019nde \u00f6\u011frencilere \u201cMevlana Sevgi Yolu Belgesel G\u00f6sterimi Vakf\u0131 Medeniyeti\u201d isimli programla T\u00fcrk d\u00fc\u015f\u00fcn\u00fcr mutasavv\u0131f Mevlana Celaleddin Rum-i\u2019nin ya\u015fam\u0131 hakk\u0131nda bilgiler verildi. Gazeteci Kahraman taraf\u0131ndan haz\u0131rlanan \u201cBelh\u2019den Konya\u2019ya\u201d i\u00e7erikli Mevlana\u2019n\u0131n hayat\u0131n\u0131 anlatan film g\u00f6sterimi sunuldu. Gen\u00e7lerin b\u00fcy\u00fck bir [&hellip;]<\/p>\n","protected":false},"author":1,"featured_media":206,"comment_status":"open","ping_status":"open","sticky":false,"template":"","format":"standard","meta":{"footnotes":""},"categories":[3],"tags":[],"class_list":["post-205","post","type-post","status-publish","format-standard","has-post-thumbnail","hentry","category-habeler"],"_links":{"self":[{"href":"https:\/\/www.avrasyagazetecilerdernegi.com\/index.php\/wp-json\/wp\/v2\/posts\/205","targetHints":{"allow":["GET"]}}],"collection":[{"href":"https:\/\/www.avrasyagazetecilerdernegi.com\/index.php\/wp-json\/wp\/v2\/posts"}],"about":[{"href":"https:\/\/www.avrasyagazetecilerdernegi.com\/index.php\/wp-json\/wp\/v2\/types\/post"}],"author":[{"embeddable":true,"href":"https:\/\/www.avrasyagazetecilerdernegi.com\/index.php\/wp-json\/wp\/v2\/users\/1"}],"replies":[{"embeddable":true,"href":"https:\/\/www.avrasyagazetecilerdernegi.com\/index.php\/wp-json\/wp\/v2\/comments?post=205"}],"version-history":[{"count":1,"href":"https:\/\/www.avrasyagazetecilerdernegi.com\/index.php\/wp-json\/wp\/v2\/posts\/205\/revisions"}],"predecessor-version":[{"id":207,"href":"https:\/\/www.avrasyagazetecilerdernegi.com\/index.php\/wp-json\/wp\/v2\/posts\/205\/revisions\/207"}],"wp:featuredmedia":[{"embeddable":true,"href":"https:\/\/www.avrasyagazetecilerdernegi.com\/index.php\/wp-json\/wp\/v2\/media\/206"}],"wp:attachment":[{"href":"https:\/\/www.avrasyagazetecilerdernegi.com\/index.php\/wp-json\/wp\/v2\/media?parent=205"}],"wp:term":[{"taxonomy":"category","embeddable":true,"href":"https:\/\/www.avrasyagazetecilerdernegi.com\/index.php\/wp-json\/wp\/v2\/categories?post=205"},{"taxonomy":"post_tag","embeddable":true,"href":"https:\/\/www.avrasyagazetecilerdernegi.com\/index.php\/wp-json\/wp\/v2\/tags?post=205"}],"curies":[{"name":"wp","href":"https:\/\/api.w.org\/{rel}","templated":true}]}}