{"id":213,"date":"2021-09-15T07:35:00","date_gmt":"2021-09-15T07:35:00","guid":{"rendered":"https:\/\/www.avrasyagazetecilerdernegi.com\/?p=213"},"modified":"2024-09-03T11:06:53","modified_gmt":"2024-09-03T11:06:53","slug":"avrasya-gazeteciler-dernegi-ve-gebze-ticaret-odasi-depremi-unutmadi","status":"publish","type":"post","link":"https:\/\/www.avrasyagazetecilerdernegi.com\/index.php\/2021\/09\/15\/avrasya-gazeteciler-dernegi-ve-gebze-ticaret-odasi-depremi-unutmadi\/","title":{"rendered":"Avrasya Gazeteciler Derne\u011fi ve Gebze Ticaret Odas\u0131 Depremi Unutmad\u0131!"},"content":{"rendered":"\n<p>Bir yaz gecesi. Hava a\u00e7\u0131k, s\u0131cak bunalt\u0131yor. Gece saat 03:02. \u0130zmit k\u00f6rfezi bir anda ayd\u0131nland\u0131. Bulundu\u011fumuz bina sallanmaya ba\u015flad\u0131. Binan\u0131n alt\u0131ndan korkun\u00e7 sesler geliyor. Elektrikler kesilmi\u015f, her yer zifiri karanl\u0131k. Deprem oluyordu.&nbsp;&nbsp;<\/p>\n\n\n\n<p>Depremin deh\u015feti ile y\u00fcz y\u00fcze gelmi\u015ftik. Binadan \u00e7\u0131kt\u0131\u011f\u0131m\u0131zda sokaklar ana baba g\u00fcn\u00fc olmu\u015f, adeta mah\u015fer yerini and\u0131r\u0131yordu.&nbsp;&nbsp;Herkes bir \u015fey s\u00f6yl\u00fcyordu, \u0130zmit\u2019in \u00e7\u00f6kt\u00fc\u011f\u00fcn\u00fc,&nbsp;G\u00f6lc\u00fck\u2019\u00fcn denize batt\u0131\u011f\u0131n\u0131\u2026 Radyolar normal yay\u0131n yap\u0131yor, haber alam\u0131yorduk. Sabah olup g\u00fcn a\u011fard\u0131\u011f\u0131nda korkun\u00e7 deprem ger\u00e7e\u011fi ile y\u00fcz y\u00fcze geldik.&nbsp;<\/p>\n\n\n\n<p>Aradan tam 19 y\u0131l ge\u00e7ti.&nbsp;Deprem gecesi ve sonras\u0131 ya\u015fananlar, d\u00f6nemin Ba\u015fbakan\u0131 B\u00fclent Ecevit ve di\u011fer devlet yetkililerinin TV ekranlar\u0131ndaki \u00e7aresizli\u011fi, \u0130stanbul\u2019un yan\u0131 ba\u015f\u0131ndaki Kocaeli ve Gebze\u2019de olanlar, \u0130nsanlar\u0131m\u0131z enkaz alt\u0131nda can verirken depremden rant vurgunu yapanlar ve daha neler neler\u2026 B\u00fct\u00fcn bunlar\u0131 \u00e7oktan unutuverdik.&nbsp;Marmara Depremi\u2019nden ders ve ibret almad\u0131k!<\/p>\n\n\n\n<p>***<\/p>\n\n\n\n<p>Depremi hat\u0131rlamak, depremden ibret almak ve bir fark\u0131ndal\u0131k olu\u015fturmak ad\u0131na,&nbsp;17 A\u011fustos 2018 tarihinde Marmara Depremi\u2019nin 19. y\u0131ld\u00f6n\u00fcm\u00fc dolay\u0131s\u0131yla Avrasya Gazeteciler Derne\u011fi ve Gebze Ticaret Odas\u0131\u2019n\u0131n i\u015fbirli\u011fiyle&nbsp;bir dizi etkinlik ve faaliyet d\u00fczenlendi.<\/p>\n","protected":false},"excerpt":{"rendered":"<p>Bir yaz gecesi. Hava a\u00e7\u0131k, s\u0131cak bunalt\u0131yor. Gece saat 03:02. \u0130zmit k\u00f6rfezi bir anda ayd\u0131nland\u0131. Bulundu\u011fumuz bina sallanmaya ba\u015flad\u0131. Binan\u0131n alt\u0131ndan korkun\u00e7 sesler geliyor. Elektrikler kesilmi\u015f, her yer zifiri karanl\u0131k. Deprem oluyordu.&nbsp;&nbsp; Depremin deh\u015feti ile y\u00fcz y\u00fcze gelmi\u015ftik. Binadan \u00e7\u0131kt\u0131\u011f\u0131m\u0131zda sokaklar ana baba g\u00fcn\u00fc olmu\u015f, adeta mah\u015fer yerini and\u0131r\u0131yordu.&nbsp;&nbsp;Herkes bir \u015fey s\u00f6yl\u00fcyordu, \u0130zmit\u2019in \u00e7\u00f6kt\u00fc\u011f\u00fcn\u00fc,&nbsp;G\u00f6lc\u00fck\u2019\u00fcn denize [&hellip;]<\/p>\n","protected":false},"author":1,"featured_media":214,"comment_status":"open","ping_status":"open","sticky":false,"template":"","format":"standard","meta":{"footnotes":""},"categories":[3],"tags":[],"class_list":["post-213","post","type-post","status-publish","format-standard","has-post-thumbnail","hentry","category-habeler"],"_links":{"self":[{"href":"https:\/\/www.avrasyagazetecilerdernegi.com\/index.php\/wp-json\/wp\/v2\/posts\/213","targetHints":{"allow":["GET"]}}],"collection":[{"href":"https:\/\/www.avrasyagazetecilerdernegi.com\/index.php\/wp-json\/wp\/v2\/posts"}],"about":[{"href":"https:\/\/www.avrasyagazetecilerdernegi.com\/index.php\/wp-json\/wp\/v2\/types\/post"}],"author":[{"embeddable":true,"href":"https:\/\/www.avrasyagazetecilerdernegi.com\/index.php\/wp-json\/wp\/v2\/users\/1"}],"replies":[{"embeddable":true,"href":"https:\/\/www.avrasyagazetecilerdernegi.com\/index.php\/wp-json\/wp\/v2\/comments?post=213"}],"version-history":[{"count":1,"href":"https:\/\/www.avrasyagazetecilerdernegi.com\/index.php\/wp-json\/wp\/v2\/posts\/213\/revisions"}],"predecessor-version":[{"id":222,"href":"https:\/\/www.avrasyagazetecilerdernegi.com\/index.php\/wp-json\/wp\/v2\/posts\/213\/revisions\/222"}],"wp:featuredmedia":[{"embeddable":true,"href":"https:\/\/www.avrasyagazetecilerdernegi.com\/index.php\/wp-json\/wp\/v2\/media\/214"}],"wp:attachment":[{"href":"https:\/\/www.avrasyagazetecilerdernegi.com\/index.php\/wp-json\/wp\/v2\/media?parent=213"}],"wp:term":[{"taxonomy":"category","embeddable":true,"href":"https:\/\/www.avrasyagazetecilerdernegi.com\/index.php\/wp-json\/wp\/v2\/categories?post=213"},{"taxonomy":"post_tag","embeddable":true,"href":"https:\/\/www.avrasyagazetecilerdernegi.com\/index.php\/wp-json\/wp\/v2\/tags?post=213"}],"curies":[{"name":"wp","href":"https:\/\/api.w.org\/{rel}","templated":true}]}}