{"id":277,"date":"2022-06-15T06:41:00","date_gmt":"2022-06-15T06:41:00","guid":{"rendered":"https:\/\/www.avrasyagazetecilerdernegi.com\/?p=277"},"modified":"2024-09-04T07:24:12","modified_gmt":"2024-09-04T07:24:12","slug":"deprem-bilinci-odul-toreni","status":"publish","type":"post","link":"https:\/\/www.avrasyagazetecilerdernegi.com\/index.php\/2022\/06\/15\/deprem-bilinci-odul-toreni\/","title":{"rendered":"Deprem Bilinci \u00d6d\u00fcl T\u00f6reni"},"content":{"rendered":"\n<p>\u0130\u00e7i\u015fleri Bakanl\u0131\u011f\u0131 Sivil Toplumla \u0130li\u015fkiler Genel M\u00fcd\u00fcrl\u00fc\u011f\u00fc taraf\u0131ndan desteklenen Avrasya Gazeteciler Derne\u011finin \u201cDeprem Bilinci ve Fark\u0131ndal\u0131\u011f\u0131\u201d temal\u0131 sosyal sorumluluk projesi kapsam\u0131nda d\u00fczenlenen kompozisyon yar\u0131\u015fmas\u0131nda dereceye giren \u00f6\u011frencilere \u00f6d\u00fclleri Kaymakaml\u0131k Makam\u0131nda Kaymakam Mustafa G\u00fcler taraf\u0131ndan verildi.<br>T\u00fcrkiye\u2019nin deprem riski y\u00fcksek bir co\u011frafyada olmas\u0131ndan dolay\u0131 depreme her zaman haz\u0131rl\u0131kl\u0131 olunmas\u0131 gerekti\u011fini ifade eden Kaymakam Mustafa G\u00fcler, \u00fclkemizde deprem riskine kar\u015f\u0131 altyap\u0131s\u0131 olan\u00a0toplanma alanlar\u0131n\u0131n daha da artt\u0131r\u0131lmas\u0131, insan\u0131m\u0131z\u0131n \u015fehircilikle imar konusunda daha da bilin\u00e7lenmesi ve kentsel d\u00f6n\u00fc\u015f\u00fcm\u00fcn yayg\u0131nla\u015fmas\u0131 konular\u0131na de\u011findi. Daha sonra deprem bilincinin \u00f6\u011frencilere aktar\u0131lmas\u0131 konusunda yap\u0131lan \u00e7al\u0131\u015fmadan \u00f6t\u00fcr\u00fc projeye katk\u0131da bulunan kurumlara ve \u00f6\u011frencilere te\u015fekk\u00fcrlerini ve tebriklerini ileten Kaymakam G\u00fcler, Bing\u00f6l\u2019de ya\u015fad\u0131\u011f\u0131 deprem an\u0131lar\u0131n\u0131 \u00f6\u011frencilerle payla\u015ft\u0131. \u00a0<br>Proje koordinat\u00f6r\u00fc Do\u00e7. Dr. Serhat Erat ise proje kapsam\u0131nda bilgiler vererek, projelerinde devam edeceklerini belirtti. Avrasya Gazeteciler Derne\u011fi Ba\u015fkan\u0131 \u0130smail Kahraman depremle ile ilgili ar\u015fiv olu\u015fturmak, \u00e7e\u015fitli kurumlar ile Gebze Teknik \u00dcniversitesi ortakl\u0131\u011f\u0131nda sempozyum ve paneller d\u00fczenledi\u011fini belirtti. Proje orta\u011f\u0131 Kocaeli AFAD M\u00fcd\u00fcrl\u00fc\u011f\u00fc ile \u00e7e\u015fitli etkinlikler yapt\u0131\u011f\u0131n\u0131, AFAD Genel Merkezinin \u201cDeprem T\u0131r\u0131n\u0131n\u201d Gebze\u2019ye getirilece\u011fini belirterek http:\/\/www.deprembilinci.com\/ sitesinde \u00e7al\u0131\u015fmalar\u0131 herkesin bilgilerine sunuldu\u011funu s\u00f6yledi.<br>Daha sonra yar\u0131\u015fmaya kat\u0131lan ve derece elde eden \u00f6\u011frencileri tebrik eden Kaymakam Mustafa G\u00fcler, yar\u0131\u015fmada birinci olan Gebze STFA Mes. Tek. Anadolu Lisesi \u00f6\u011frencisi Emir Salta\u015f\u2019a, \u0130kinci olan Alaattin Kurt Anadolu Lisesi \u00f6\u011frencisi Y\u00fcsra \u0130nano\u011flu\u2019na ve \u00fc\u00e7\u00fcnc\u00fc olan Anibal Anadolu Lisesi \u00f6\u011frencisi Aysel Deniz\u2019e \u00f6d\u00fcllerini ve hediyelerini takdim etti.\u00a0<br>Kaymakaml\u0131k Makam\u0131nda ger\u00e7ekle\u015fen \u00f6d\u00fcl t\u00f6reninde \u0130l\u00e7e Milli E\u011fitim \u015eube M\u00fcd\u00fcr\u00fc Halil Atl\u0131, Gebze Teknik \u00dcniversitesi Proje koordinat\u00f6r\u00fc Do\u00e7. Dr. Serhat Erat, \u00a0Okul M\u00fcd\u00fcrleri ve \u00f6\u011frenciler haz\u0131r bulundu.<\/p>\n\n\n\n<figure class=\"wp-block-embed is-type-video is-provider-youtube wp-block-embed-youtube wp-embed-aspect-16-9 wp-has-aspect-ratio\"><div class=\"wp-block-embed__wrapper\">\n<iframe loading=\"lazy\" title=\"Deprem Bilinci \u00d6d\u00fcl T\u00f6reni\" width=\"640\" height=\"360\" src=\"https:\/\/www.youtube.com\/embed\/OS6POTHmC_U?feature=oembed\" frameborder=\"0\" allow=\"accelerometer; autoplay; clipboard-write; encrypted-media; gyroscope; picture-in-picture; web-share\" referrerpolicy=\"strict-origin-when-cross-origin\" allowfullscreen><\/iframe>\n<\/div><\/figure>\n","protected":false},"excerpt":{"rendered":"<p>\u0130\u00e7i\u015fleri Bakanl\u0131\u011f\u0131 Sivil Toplumla \u0130li\u015fkiler Genel M\u00fcd\u00fcrl\u00fc\u011f\u00fc taraf\u0131ndan desteklenen Avrasya Gazeteciler Derne\u011finin \u201cDeprem Bilinci ve Fark\u0131ndal\u0131\u011f\u0131\u201d temal\u0131 sosyal sorumluluk projesi kapsam\u0131nda d\u00fczenlenen kompozisyon yar\u0131\u015fmas\u0131nda dereceye giren \u00f6\u011frencilere \u00f6d\u00fclleri Kaymakaml\u0131k Makam\u0131nda Kaymakam Mustafa G\u00fcler taraf\u0131ndan verildi.T\u00fcrkiye\u2019nin deprem riski y\u00fcksek bir co\u011frafyada olmas\u0131ndan dolay\u0131 depreme her zaman haz\u0131rl\u0131kl\u0131 olunmas\u0131 gerekti\u011fini ifade eden Kaymakam Mustafa G\u00fcler, \u00fclkemizde deprem [&hellip;]<\/p>\n","protected":false},"author":1,"featured_media":278,"comment_status":"open","ping_status":"open","sticky":false,"template":"","format":"standard","meta":{"footnotes":""},"categories":[3],"tags":[],"class_list":["post-277","post","type-post","status-publish","format-standard","has-post-thumbnail","hentry","category-habeler"],"_links":{"self":[{"href":"https:\/\/www.avrasyagazetecilerdernegi.com\/index.php\/wp-json\/wp\/v2\/posts\/277","targetHints":{"allow":["GET"]}}],"collection":[{"href":"https:\/\/www.avrasyagazetecilerdernegi.com\/index.php\/wp-json\/wp\/v2\/posts"}],"about":[{"href":"https:\/\/www.avrasyagazetecilerdernegi.com\/index.php\/wp-json\/wp\/v2\/types\/post"}],"author":[{"embeddable":true,"href":"https:\/\/www.avrasyagazetecilerdernegi.com\/index.php\/wp-json\/wp\/v2\/users\/1"}],"replies":[{"embeddable":true,"href":"https:\/\/www.avrasyagazetecilerdernegi.com\/index.php\/wp-json\/wp\/v2\/comments?post=277"}],"version-history":[{"count":1,"href":"https:\/\/www.avrasyagazetecilerdernegi.com\/index.php\/wp-json\/wp\/v2\/posts\/277\/revisions"}],"predecessor-version":[{"id":279,"href":"https:\/\/www.avrasyagazetecilerdernegi.com\/index.php\/wp-json\/wp\/v2\/posts\/277\/revisions\/279"}],"wp:featuredmedia":[{"embeddable":true,"href":"https:\/\/www.avrasyagazetecilerdernegi.com\/index.php\/wp-json\/wp\/v2\/media\/278"}],"wp:attachment":[{"href":"https:\/\/www.avrasyagazetecilerdernegi.com\/index.php\/wp-json\/wp\/v2\/media?parent=277"}],"wp:term":[{"taxonomy":"category","embeddable":true,"href":"https:\/\/www.avrasyagazetecilerdernegi.com\/index.php\/wp-json\/wp\/v2\/categories?post=277"},{"taxonomy":"post_tag","embeddable":true,"href":"https:\/\/www.avrasyagazetecilerdernegi.com\/index.php\/wp-json\/wp\/v2\/tags?post=277"}],"curies":[{"name":"wp","href":"https:\/\/api.w.org\/{rel}","templated":true}]}}