{"id":289,"date":"2022-08-17T08:23:00","date_gmt":"2022-08-17T08:23:00","guid":{"rendered":"https:\/\/www.avrasyagazetecilerdernegi.com\/?p=289"},"modified":"2024-09-04T08:27:19","modified_gmt":"2024-09-04T08:27:19","slug":"depremin-23-yil-donumunde-deprem-gercegi-sergisi","status":"publish","type":"post","link":"https:\/\/www.avrasyagazetecilerdernegi.com\/index.php\/2022\/08\/17\/depremin-23-yil-donumunde-deprem-gercegi-sergisi\/","title":{"rendered":"Depremin 23. Y\u0131l D\u00f6n\u00fcm\u00fcnde Deprem Ger\u00e7e\u011fi Sergisi"},"content":{"rendered":"\n<p>Asr\u0131n Felaketi Deprem \u015eehitleri An\u0131ld\u0131 17 A\u011fustos 1999 \u00a0Marmara Depreminin 23. Y\u0131l D\u00f6n\u00fcm\u00fc Anma toplant\u0131s\u0131na i\u00e7i\u015fleri bakan\u0131 S\u00fcleyman Soylu kat\u0131ld\u0131. \u0130lim k\u00fclt\u00fcr tarih ara\u015ft\u0131rmalar\u0131 \u00a0merkezi\u00a0<a href=\"http:\/\/www.iktav.com\/\" target=\"_blank\" rel=\"noreferrer noopener\">www.iktav.com<\/a>\u00a0ar\u015fivimizde yer alan deprem ger\u00e7e\u011fi foto\u011fraf ve gazete ar\u015fivini Avrasya gazeteciler derne\u011fi taraf\u0131ndan ger\u00e7ekle\u015ftirilen ve \u0130\u00e7i\u015fleri bakanl\u0131\u011f\u0131 Sivil Toplumla \u0130li\u015fkiler Genel M\u00fcd\u00fcrl\u00fc\u011f\u00fc\u00a0<a href=\"http:\/\/www.deprembilinci.com\/\">www.deprembilinci.com<\/a>\u00a0sosyal sorumluluk projesi kapsam\u0131nda Kocaeli AFAD \u0130l M\u00fcd\u00fcrl\u00fc\u011f\u00fc \u00e7ad\u0131r\u0131nda man\u015fetlerle deprem sergisi a\u00e7t\u0131k. sergimiz b\u00fcy\u00fck ilgi g\u00f6rd\u00fc.\u00a0<\/p>\n\n\n\n<figure class=\"wp-block-image size-full\"><img loading=\"lazy\" decoding=\"async\" width=\"1024\" height=\"768\" src=\"https:\/\/www.avrasyagazetecilerdernegi.com\/wp-content\/uploads\/2024\/09\/e9a31a38-c4a2-4345-b112-dd0ce9c07fbf-1024x768-1.jpg\" alt=\"\" class=\"wp-image-291\" srcset=\"https:\/\/www.avrasyagazetecilerdernegi.com\/wp-content\/uploads\/2024\/09\/e9a31a38-c4a2-4345-b112-dd0ce9c07fbf-1024x768-1.jpg 1024w, https:\/\/www.avrasyagazetecilerdernegi.com\/wp-content\/uploads\/2024\/09\/e9a31a38-c4a2-4345-b112-dd0ce9c07fbf-1024x768-1-300x225.jpg 300w, https:\/\/www.avrasyagazetecilerdernegi.com\/wp-content\/uploads\/2024\/09\/e9a31a38-c4a2-4345-b112-dd0ce9c07fbf-1024x768-1-768x576.jpg 768w\" sizes=\"auto, (max-width: 1024px) 100vw, 1024px\" \/><\/figure>\n\n\n\n<p>Gebze Gazetesi ve Devri Alem TV olarak, Deprem \u015fehitlerini anma etkinli\u011fi ve man\u015fetlerle deprem ger\u00e7e\u011fi sergisinde canl\u0131 yay\u0131n yapt\u0131k.<\/p>\n\n\n\n<p>16 A\u011fustos 2022 tarihini 17 A\u011fustosa ba\u011flayan deprem \u015fehitlerini anma etkinli\u011fi ile ilgili&nbsp;<a rel=\"noreferrer noopener\" href=\"http:\/\/www.gebzegazetesi.com\/\" target=\"_blank\">www.gebzegazetesi.com<\/a>\u2019da yay\u0131nlanan haber ve canl\u0131 yay\u0131nlarla ilgili bilgiyi&nbsp;<a href=\"http:\/\/www.deprembilinci.com\/\">www.deprembilinci.com<\/a>&nbsp;&nbsp;sayfas\u0131na al\u0131yor, deprem \u015fehitlerini bir daha rahmet, minnet ve \u015f\u00fckranla an\u0131yoruz.<\/p>\n\n\n\n<p>AFAD \u00c7ad\u0131r\u0131nda Gazete Ar\u015fivi Sergisi<\/p>\n\n\n\n<p>17 A\u011fustos 1999 Marmara &nbsp;depreminin 23. Y\u0131l &nbsp;d\u00f6n\u00fcm\u00fc dolay\u0131s\u0131 \u0130le &nbsp;Asr\u0131n felaketi olarak tarihe ge\u00e7en depremin merkezi G\u00f6lc\u00fck\u2019de d\u00fczenlenen anma etkinliklerine kat\u0131lan gazetemiz kurucusu ve devri alem belgesel yap\u0131mc\u0131s\u0131 \u0130smail Kahraman taraf\u0131ndan AFAD Kocaeli \u0130l m\u00fcd\u00fcrl\u00fc\u011f\u00fc \u00e7ad\u0131r\u0131nda deprem ger\u00e7e\u011fi ar\u015fivi sergisi a\u00e7\u0131l\u0131p canl\u0131 yay\u0131n yapt\u0131k.<\/p>\n\n\n\n<p>AFAD \u00c7ad\u0131r\u0131nda Gazete Man\u015fetleri ile Deprem Sergisi &nbsp;Canl\u0131 Yay\u0131n\u0131<\/p>\n\n\n\n<p><a href=\"https:\/\/fb.watch\/eY5vU-5PIn\">https:\/\/fb.watch\/eY5vU-5PIn<\/a><\/p>\n\n\n\n<p>Depremin Canl\u0131 \u015eahitleri ile Canl\u0131 Yay\u0131n<\/p>\n\n\n\n<p>17 A\u011fustos 1999 Marmara depremin 23 y\u0131l d\u00f6n\u00fcm\u00fc &nbsp;dolay\u0131s\u0131 \u0130le &nbsp;G\u00f6lc\u00fck Kavakl\u0131 sahilinden&nbsp;<a href=\"http:\/\/www.gebzegazetesi.com\/\" target=\"_blank\" rel=\"noreferrer noopener\">www.gebzegazetesi.com<\/a>&nbsp;ve&nbsp;<a href=\"http:\/\/www.devrialem.tv\/\" target=\"_blank\" rel=\"noreferrer noopener\">www.devrialem.tv<\/a>&nbsp;olarak canl\u0131 yay\u0131n yapt\u0131k depremin canl\u0131 \u015fahitleri ile konu\u015ftuk.<\/p>\n\n\n\n<p><a href=\"https:\/\/fb.watch\/eY5MwHLh2n\">https:\/\/fb.watch\/eY5MwHLh2n<\/a><\/p>\n\n\n\n<p>Deprem Etkinli\u011fi ile ilgili &nbsp;Anadolu Ajans\u0131 taraf\u0131ndan geni\u015f bir haber &nbsp;haz\u0131rland\u0131<\/p>\n\n\n\n<p><a href=\"https:\/\/www.aa.com.tr\/tr\/gundem\/icisleri-bakani-soylu-kocaelide-deprem-sehitlerini-anma-etkinligine-katildi\/2662675\">https:\/\/www.aa.com.tr\/tr\/gundem\/icisleri-bakani-soylu-kocaelide-deprem-sehitlerini-anma-etkinligine-katildi\/2662675<\/a><\/p>\n\n\n\n<p>Anadolu Ajans\u0131nda Yay\u0131nlanan Haber<\/p>\n\n\n\n<p>\u0130\u00e7i\u015fleri Bakan\u0131 S\u00fcleyman Soylu, \u201cBiz depremi unutabiliriz ama deprem bizi unutmaz. Depremle yar\u0131n veya \u00f6b\u00fcr g\u00fcn olabilecek diye bir s\u00f6zle\u015fmemiz de s\u00f6z konusu de\u011fildir. Her an yine yeniden bir depremle kar\u015f\u0131 kar\u015f\u0131ya kalabiliriz. T\u00fcrkiye\u2019nin bir afet b\u00f6lgesi oldu\u011funu kimse unutmamal\u0131.\u201d dedi.<\/p>\n\n\n\n<p>Soylu 17 A\u011fustos 1999 Marmara Depremi\u2019nin merkez \u00fcss\u00fc G\u00f6lc\u00fck\u2019te deprem \u015fehitlerini anma etkinli\u011fi kapsam\u0131nda d\u00fczenlenen kortej y\u00fcr\u00fcy\u00fc\u015f\u00fc \u00f6ncesi yapt\u0131\u011f\u0131 konu\u015fmada, 23 y\u0131l \u00f6nce kendilerine ac\u0131lar ya\u015fatmas\u0131yla birlikte T\u00fcrkiye\u2019nin afetler konusunda bir ba\u015flang\u0131\u00e7 yapt\u0131\u011f\u0131n\u0131 belirterek, oradan, her afetten, her olaydan \u00e7\u0131kard\u0131klar\u0131 gibi ders \u00e7\u0131kard\u0131klar\u0131n\u0131 s\u00f6yledi.<\/p>\n\n\n\n<p>Afetler ba\u015fta olmak \u00fczere her alanda bir\u00e7ok haz\u0131rl\u0131klar\u0131n yap\u0131ld\u0131\u011f\u0131n\u0131 ve yap\u0131laca\u011f\u0131n\u0131 ifade eden Soylu, \u201c21. asr\u0131n ba\u015f\u0131ndan itibaren T\u00fcrkiye, bu afetten sonra afete y\u00f6nelik strateji olu\u015fturdu. Afete y\u00f6nelik afet \u00f6ncesine, afet an\u0131na ve afet sonras\u0131na y\u00f6nelik planlar olu\u015fturdu. Ad\u0131mlar att\u0131 ve hepimiz biliyoruz \u00e7ocuklu\u011fumuzda da siyah beyaz televizyonlarda hepimiz g\u00f6rd\u00fck. Afetlerden sonra burada da ya\u015fad\u0131k, Yalova\u2019da da ya\u015fad\u0131k. \u2018Nerede bu devlet?\u2019 diye vatanda\u015f\u0131m\u0131z\u0131n yaln\u0131zl\u0131\u011f\u0131 ve \u00e7aresizli\u011fi vard\u0131. Bug\u00fcn Allah\u2019a hamdolsun 2, 2,5 y\u0131ld\u0131r afetten afete ko\u015fuyoruz. Hepiniz, hepimiz takip ediyoruz. Kimse \u2018Nerede bu devlet?\u2019 demiyor.\u201d diye konu\u015ftu.<\/p>\n\n\n\n<p>Soylu, afet \u00f6ncesindeki haz\u0131rl\u0131klar\u0131 b\u00fct\u00fcn kapasite ve kabiliyetleriyle yapt\u0131klar\u0131n\u0131 dile getirerek, \u015f\u00f6yle konu\u015ftu:<\/p>\n\n\n\n<p>\u201cHem afet an\u0131nda devletin b\u00fct\u00fcn kurumlar\u0131, t\u00fcm sivil toplum kurulu\u015flar\u0131 vatanda\u015flar\u0131m\u0131zla birlikte afete maruz kalan b\u00f6lgelere ve vatanda\u015flar\u0131m\u0131za, afete maruz kalan ticarethaneler dahil, evler dahil her yere devlet an\u0131nda yeti\u015fmeye \u00e7al\u0131\u015f\u0131yor, vatanda\u015flar\u0131m\u0131z yeti\u015fmeye \u00e7al\u0131\u015f\u0131yor. El birli\u011fiyle de bu meseleyi \u00e7\u00f6zmeye \u00e7al\u0131\u015f\u0131yoruz. Biz depremi unutabiliriz ama deprem bizi unutmaz. Depremle yar\u0131n veya \u00f6b\u00fcr g\u00fcn olabilecek diye bir s\u00f6zle\u015fmemiz de s\u00f6z konusu de\u011fildir. Her an yine yeniden bir depremle kar\u015f\u0131 kar\u015f\u0131ya kalabiliriz. T\u00fcrkiye\u2019nin bir afet b\u00f6lgesi oldu\u011funu kimse unutmamal\u0131. T\u00fcrkiye\u2019nin selden, depreme kadar orman yang\u0131nlar\u0131ndan heyelana kadar \u00e7\u0131\u011f d\u00fc\u015fmesinden kaya d\u00fc\u015fmesine kadar bir deprem b\u00f6lgesi oldu\u011funu unutmamal\u0131. \u015eunu da unutmamal\u0131, 1980\u2019den bu g\u00fcne kadar d\u00fcnyada afetsellik 4 kat artm\u0131\u015ft\u0131r ve artmaya devam etmektedir. Onun i\u00e7in bu konuda b\u00fct\u00fcn tedbirlerimizi sadece devlet, sivil toplum kurulu\u015flar\u0131 de\u011fil bir millet olarak eksiksiz yerine getirmek durumunday\u0131z. Ge\u00e7en y\u0131l afet e\u011fitim y\u0131l\u0131yd\u0131. Bu y\u0131l deprem yani afet tatbikat y\u0131l\u0131. Ge\u00e7en y\u0131l 56 milyon insana bir \u015fekilde afetle ilgili dokunduk ve e\u011fitim ortaya koymaya \u00e7al\u0131\u015ft\u0131k. Bu y\u0131l 54 bin 300 tatbikat dedik, 54 bin 300 tatbikat\u0131 \u015fu anda a\u015ft\u0131k. Bir\u00e7ok tatbikatlar yap\u0131ld\u0131. Kurumlar yapt\u0131, okullar yapt\u0131, madenlerde yap\u0131ld\u0131, \u00e7\u0131\u011f, kar tatbikatlar\u0131 yap\u0131ld\u0131. Tahliye tatbikatlar\u0131, sel tatbikatlar\u0131 yap\u0131ld\u0131. Orman yang\u0131n tatbikatlar\u0131 yap\u0131ld\u0131, yap\u0131lmaya devam ediyor. Bunlar\u0131 yapmaya \u00e7al\u0131\u015f\u0131yoruz.\u201d<\/p>\n\n\n\n<p>\u201cBug\u00fcn 24 bin 800 civar\u0131nda afet toplanma alan\u0131m\u0131z var\u201d<\/p>\n\n\n\n<p>Afet toplanma alan\u0131n\u0131n say\u0131s\u0131n\u0131n 24 bin 800 oldu\u011funu aktaran Soylu, \u015funlar\u0131 kaydetti:<\/p>\n\n\n\n<p>\u201cKi\u015fi ba\u015f\u0131na metrekare say\u0131s\u0131n\u0131 3 kata toplanma alanlar\u0131nda \u00e7\u0131kard\u0131k. Bar\u0131nma alanlar\u0131m\u0131z var. Depremde, selde ne yapaca\u011f\u0131m\u0131z\u0131, afette ne yapaca\u011f\u0131m\u0131z\u0131 ortaya koyan stratejilerimiz var, planlar\u0131m\u0131z var, \u00e7al\u0131\u015fmalar\u0131m\u0131z var, haz\u0131rl\u0131klar\u0131m\u0131z var. En son Bat\u0131 Karadeniz ge\u00e7en ay, bayram\u0131n hemen \u00f6ncesinde Bat\u0131 Karadeniz\u2019de sel afeti ya\u015fad\u0131k. Hepinizin cep telefonlar\u0131na mesajlar geldi. Sadece orada de\u011fil, hepiniz tedirgin oldunuz. B\u00f6yle bir hepimizi uyand\u0131ran veya hepimizi \u2018Acaba ne olur?\u2019 diye endi\u015feye sevk eden mesajlar geldi. Mesaj uyar\u0131 sisteminden ses sistemine kadar AFAD mobil uygulamas\u0131ndan yap\u0131lan barajlar\u0131n su tutulmas\u0131na kadar yine DS\u0130\u2019nin yapt\u0131\u011f\u0131 \u00f6zellikle \u0131rmaklarda derelerde nehirlerdeki tahkimatlara kadar yine kentsel d\u00f6n\u00fc\u015f\u00fcme kadar yine okullar\u0131n depreme haz\u0131rl\u0131kl\u0131 hale gelmesine kadar yine depreme dayan\u0131kl\u0131 olmayan binalar\u0131n y\u0131k\u0131lmas\u0131na kadar T\u00fcrkiye 1999 depreminden sonra fark\u0131ndal\u0131\u011fa kadar e\u011fitime kadar bir\u00e7ok yenile\u015fme ortaya koydu. Bir\u00e7ok ad\u0131m att\u0131 ve bir\u00e7ok tedbir ald\u0131.\u201d<\/p>\n\n\n\n<p>Soylu, bu tedbirleri s\u00fcrd\u00fcrd\u00fcklerini dile getirerek, \u201cArama kurtarma ekiplerimize kadar, helikopterlerimizin k\u00f6ylere jenerat\u00f6r getirmesine kadar g\u0131da getirmesine kadar bir\u00e7ok koordinasyonumuz var. Ama en \u00f6nemlisi Say\u0131n Cumhurba\u015fkan\u0131\u2019m\u0131z\u0131n liderli\u011finde kurulan bir AFAD kurumu var ve b\u00fct\u00fcn kurumlar\u0131 koordine eden ve bu kurumlar\u0131n yapt\u0131klar\u0131n\u0131 takip eden ve bunlarla e\u015f g\u00fcd\u00fcml\u00fc \u00e7al\u0131\u015fan T\u00fcrkiye\u2019deki bu e\u011fitimi yayg\u0131nla\u015ft\u0131rmaya \u00e7al\u0131\u015fan AFAD kurumu var. \u0130n\u015fallah b\u00f6yle bir depremle kar\u015f\u0131la\u015fmay\u0131z, in\u015fallah bir afetle kar\u015f\u0131la\u015fmay\u0131z ama her an kar\u015f\u0131la\u015facakm\u0131\u015f gibi de haz\u0131rl\u0131kl\u0131 olmal\u0131y\u0131z, haz\u0131rl\u0131klar\u0131m\u0131z\u0131 yap\u0131yoruz.\u201d de\u011ferlendirmesinde bulundu.<\/p>\n\n\n\n<p>Bakan Soylu, G\u00f6lc\u00fck\u2019e ve 17 A\u011fustos 1999 Marmara Depremi\u2019nde hayat\u0131n\u0131 kaybedenlere ge\u00e7mi\u015f olsun ve ba\u015fsa\u011fl\u0131\u011f\u0131 dileklerini iletti.<\/p>\n\n\n\n<p>Konu\u015fman\u0131n ard\u0131ndan Soylu, Vali Seddar Yavuz, B\u00fcy\u00fck\u015fehir Belediye Ba\u015fkan\u0131 Tahir B\u00fcy\u00fckak\u0131n, AK Parti Kocaeli Milletvekilleri Cemil Yaman, Mehmet Akif Y\u0131lmaz, MHP Kocaeli Milletvekili Saffet Sancakl\u0131, G\u00f6lc\u00fck Belediye Ba\u015fkan\u0131 Ali Y\u0131ld\u0131r\u0131m Sezer, AK Parti \u0130l Ba\u015fkan\u0131 Mehmet Ellibe\u015f, MHP \u0130l Ba\u015fkan\u0131 Yunus Emre Kurt, kamu kurumlar\u0131 ve sivil toplum kurulu\u015flar\u0131n\u0131n temsilcileri ve vatanda\u015flar, An\u0131tpark\u2019tan Kavakl\u0131 sahiline kadar y\u00fcr\u00fcd\u00fc.<\/p>\n","protected":false},"excerpt":{"rendered":"<p>Asr\u0131n Felaketi Deprem \u015eehitleri An\u0131ld\u0131 17 A\u011fustos 1999 \u00a0Marmara Depreminin 23. Y\u0131l D\u00f6n\u00fcm\u00fc Anma toplant\u0131s\u0131na i\u00e7i\u015fleri bakan\u0131 S\u00fcleyman Soylu kat\u0131ld\u0131. \u0130lim k\u00fclt\u00fcr tarih ara\u015ft\u0131rmalar\u0131 \u00a0merkezi\u00a0www.iktav.com\u00a0ar\u015fivimizde yer alan deprem ger\u00e7e\u011fi foto\u011fraf ve gazete ar\u015fivini Avrasya gazeteciler derne\u011fi taraf\u0131ndan ger\u00e7ekle\u015ftirilen ve \u0130\u00e7i\u015fleri bakanl\u0131\u011f\u0131 Sivil Toplumla \u0130li\u015fkiler Genel M\u00fcd\u00fcrl\u00fc\u011f\u00fc\u00a0www.deprembilinci.com\u00a0sosyal sorumluluk projesi kapsam\u0131nda Kocaeli AFAD \u0130l M\u00fcd\u00fcrl\u00fc\u011f\u00fc \u00e7ad\u0131r\u0131nda man\u015fetlerle [&hellip;]<\/p>\n","protected":false},"author":1,"featured_media":290,"comment_status":"open","ping_status":"open","sticky":false,"template":"","format":"standard","meta":{"footnotes":""},"categories":[3],"tags":[],"class_list":["post-289","post","type-post","status-publish","format-standard","has-post-thumbnail","hentry","category-habeler"],"_links":{"self":[{"href":"https:\/\/www.avrasyagazetecilerdernegi.com\/index.php\/wp-json\/wp\/v2\/posts\/289","targetHints":{"allow":["GET"]}}],"collection":[{"href":"https:\/\/www.avrasyagazetecilerdernegi.com\/index.php\/wp-json\/wp\/v2\/posts"}],"about":[{"href":"https:\/\/www.avrasyagazetecilerdernegi.com\/index.php\/wp-json\/wp\/v2\/types\/post"}],"author":[{"embeddable":true,"href":"https:\/\/www.avrasyagazetecilerdernegi.com\/index.php\/wp-json\/wp\/v2\/users\/1"}],"replies":[{"embeddable":true,"href":"https:\/\/www.avrasyagazetecilerdernegi.com\/index.php\/wp-json\/wp\/v2\/comments?post=289"}],"version-history":[{"count":1,"href":"https:\/\/www.avrasyagazetecilerdernegi.com\/index.php\/wp-json\/wp\/v2\/posts\/289\/revisions"}],"predecessor-version":[{"id":292,"href":"https:\/\/www.avrasyagazetecilerdernegi.com\/index.php\/wp-json\/wp\/v2\/posts\/289\/revisions\/292"}],"wp:featuredmedia":[{"embeddable":true,"href":"https:\/\/www.avrasyagazetecilerdernegi.com\/index.php\/wp-json\/wp\/v2\/media\/290"}],"wp:attachment":[{"href":"https:\/\/www.avrasyagazetecilerdernegi.com\/index.php\/wp-json\/wp\/v2\/media?parent=289"}],"wp:term":[{"taxonomy":"category","embeddable":true,"href":"https:\/\/www.avrasyagazetecilerdernegi.com\/index.php\/wp-json\/wp\/v2\/categories?post=289"},{"taxonomy":"post_tag","embeddable":true,"href":"https:\/\/www.avrasyagazetecilerdernegi.com\/index.php\/wp-json\/wp\/v2\/tags?post=289"}],"curies":[{"name":"wp","href":"https:\/\/api.w.org\/{rel}","templated":true}]}}