{"id":357,"date":"2025-03-25T07:14:32","date_gmt":"2025-03-25T07:14:32","guid":{"rendered":"https:\/\/www.avrasyagazetecilerdernegi.com\/?p=357"},"modified":"2025-03-25T07:14:34","modified_gmt":"2025-03-25T07:14:34","slug":"kocaeli-sanayi-bilim-ve-teknoloji-tarihi-paneli-gtude-gerceklesti","status":"publish","type":"post","link":"https:\/\/www.avrasyagazetecilerdernegi.com\/index.php\/2025\/03\/25\/kocaeli-sanayi-bilim-ve-teknoloji-tarihi-paneli-gtude-gerceklesti\/","title":{"rendered":"Kocaeli Sanayi, Bilim ve Teknoloji Tarihi Paneli GT\u00dc&#8217;de Ger\u00e7ekle\u015fti"},"content":{"rendered":"\n<p>Kocaeli B\u00fcy\u00fck\u015fehir Belediyesi ve Kocaeli Kent Konseyinin destekledi\u011fi YEDEP projesi kapsam\u0131nda Avrasya Gazeteciler Derne\u011fi olarak UMS\u0130DER ile ortakla\u015fa haz\u0131rlad\u0131\u011f\u0131m\u0131z &#8220;Kocaeli Sanayi, Bilim ve Teknoloji Tarihi&#8221; ile ilgili Gebze Teknik \u00dcniversitesi&#8217;nde panel ve \u00e7al\u0131\u015ftay program\u0131 ger\u00e7ekle\u015ftirildi.<\/p>\n\n\n\n<figure class=\"wp-block-image size-large\"><img decoding=\"async\" src=\"https:\/\/www.kocaeliarsivi.com\/wp-content\/uploads\/2024\/11\/IMG_5200-1024x683.jpg\" alt=\"\" class=\"wp-image-861\"\/><\/figure>\n\n\n\n<p>Gebze Teknik \u00dcniversitesi&#8217;nde ger\u00e7ekle\u015ftirilen &#8220;Kocaeli Sanayi, Bilim ve Teknoloji Tarihi&#8221; konulu panel, b\u00f6lgenin end\u00fcstriyel ve teknolojik miras\u0131n\u0131n derinlemesine incelendi\u011fi \u00f6nemli bir etkinlik oldu. Panelde, Kocaeli&#8217;nin sanayile\u015fme s\u00fcreci, bilimsel ve teknolojik yeniliklerdeki rol\u00fc ile gelecekteki potansiyeli \u00fczerinde duruldu. Konu\u015fmac\u0131lar aras\u0131nda \u00fcniversite hocalar\u0131, sanayi temsilcileri ve alan\u0131nda uzman tarih\u00e7iler yer ald\u0131. Panel, Kocaeli&#8217;nin end\u00fcstriyel geli\u015fiminde kilit rol oynayan olaylar ve fig\u00fcrler hakk\u0131nda detayl\u0131 bilgi sunarken, b\u00f6lgenin sanayi ve teknoloji alan\u0131ndaki d\u00f6n\u00fc\u015f\u00fcm\u00fcne \u0131\u015f\u0131k tuttu. Etkinlik, kat\u0131l\u0131mc\u0131lara Kocaeli&#8217;nin zengin sanayi ve teknoloji ge\u00e7mi\u015fi hakk\u0131nda geni\u015f bir perspektif kazand\u0131rd\u0131. A\u00e7\u0131l\u0131\u015f ve kapan\u0131\u015f konu\u015fmalar\u0131n\u0131 \u0130smail Kahraman&#8217;\u0131n yapt\u0131\u011f\u0131 panelde Gebze Teknik \u00dcniversitesi&#8217;nde ileride kurulmas\u0131 hedeflenen bir sanayi, bilim ve teknoloji m\u00fczesinin ilk tohumu at\u0131lm\u0131\u015f oldu.<\/p>\n\n\n\n<figure class=\"wp-block-image size-large\"><img decoding=\"async\" src=\"https:\/\/www.kocaeliarsivi.com\/wp-content\/uploads\/2024\/11\/IMG_5268-1024x683.jpg\" alt=\"\" class=\"wp-image-862\"\/><\/figure>\n\n\n\n<p>Panele kat\u0131lanlar\u0131n listesi:<\/p>\n\n\n\n<p>Abdurrahman ASLANTA\u015e<br>Gebze Ticaret Odas\u0131 Ba\u015fkan\u0131<\/p>\n\n\n\n<p>Beyhan AK\u00c7E\u015eME<br>GT\u00dc Personel Dairesi Ba\u015fkanl\u0131\u011f\u0131<\/p>\n\n\n\n<p>B\u00fc\u015fra Merve KO\u00c7<br>GT\u00dc Personel Dairesi Ba\u015fkanl\u0131\u011f\u0131<\/p>\n\n\n\n<p>Dr. Neslihan BA\u015eARAN<br>GT\u00dc Mezunlar Ofisi Koordinat\u00f6r\u00fc<\/p>\n\n\n\n<p>\u00c7a\u011fatay AKT\u00dcRK<br>GT\u00dc Bas\u0131n ve Halkla \u0130li\u015fkiler M\u00fcd\u00fcr\u00fc<\/p>\n\n\n\n<p>Abidin AYTEMUR<br>GT\u00dc Bah\u00e7e, Peyzaj ve Ta\u015f\u0131ma Hizmetleri Koordinat\u00f6rl\u00fc\u011f\u00fc<\/p>\n\n\n\n<p>Aykut ERGUT<br>GT\u00dc \u00d6\u011frenci \u0130\u015fleri Daire Ba\u015fkan\u0131<\/p>\n\n\n\n<p>Ali R\u0131za AYDEM\u0130R Gebze Ticaret Odas\u0131 Genel Sekreteri<\/p>\n\n\n\n<p>Nedret DEM\u0130R<br>\u015eair-Yazar<\/p>\n\n\n\n<p>Prof. Dr. Meral EL\u00c7\u0130<br>GT\u00dc \u0130\u015fletme Fak\u00fcltesi \u00d6\u011fretim \u00dcyesi<\/p>\n\n\n\n<p>\u00dcnal DURSUN<br>GT\u00dc T\u00fcrk Halk M\u00fczi\u011fi Korosu \u015eefi<\/p>\n\n\n\n<figure class=\"wp-block-image size-large\"><img decoding=\"async\" src=\"https:\/\/www.kocaeliarsivi.com\/wp-content\/uploads\/2024\/11\/IMG_5219-1024x683.jpg\" alt=\"\" class=\"wp-image-864\"\/><\/figure>\n\n\n\n<p>Prof. Dr. Elif \u00d6zlem AYDIN<br>GT\u00dc Mimarl\u0131k Fak\u00fcltesi Dekan\u0131<\/p>\n\n\n\n<p>Prof. Dr. Fatma Y\u00dcKSEL GT\u00dc Kimya Fak\u00fcltesi \u00d6\u011fretim \u00dcyesi<br>Nihal KARA<br>GT\u00dc Toplumsal Katk\u0131 Koordinat\u00f6r Yard\u0131mc\u0131s\u0131<\/p>\n\n\n\n<p>Dr. \u00d6\u011fr. \u00dcyesi Mine TOP\u00c7UBA\u015eI<br>GT\u00dc Mimarl\u0131k Fak\u00fcltesi<\/p>\n\n\n\n<p>Ayt\u00fcl AYDEM\u0130R<br>GT\u00dc Personel Dairesi Ba\u015fkanl\u0131\u011f\u0131 \u015eube M\u00fcd\u00fcr\u00fc<br>Leyla USTA<br>GT\u00dc Sa\u011fl\u0131k K\u00fclt\u00fcr ve Spor Dairesi Ba\u015fkanl\u0131\u011f\u0131 \u015eube M\u00fcd\u00fcr\u00fc<\/p>\n\n\n\n<p>Semiha G\u00dcNE\u015e<br>GT\u00dc \u0130\u00e7 Denet\u00e7i<\/p>\n\n\n\n<p>Do\u00e7. Dr. Funda \u015eENT\u00dcRK AKFIRAT<br>GT\u00dc Molek\u00fcler Biyoloji ve Genetik B\u00f6l\u00fcm\u00fc<\/p>\n\n\n\n<p>Hazal \u0130layda USLU<br>GT\u00dc Toplumsal Katk\u0131 Koordinat\u00f6rl\u00fc\u011f\u00fc<\/p>\n\n\n\n<p>Semih AKBAY<br>GT\u00dc Doktora \u00d6\u011frencisi<\/p>\n\n\n\n<p>\u0130smail Kahraman<br>Gazeteci-Belgeselci<\/p>\n\n\n\n<figure class=\"wp-block-image size-large\"><img decoding=\"async\" src=\"https:\/\/www.kocaeliarsivi.com\/wp-content\/uploads\/2024\/11\/IMG_5276-1024x683.jpg\" alt=\"\" class=\"wp-image-863\"\/><\/figure>\n\n\n\n<p>Nedret Demir&#8217;in konu ile ilgili yazd\u0131\u011f\u0131 makaleyi okumak i\u00e7in<br><a href=\"https:\/\/www.gebzegazetesi.com\/merkez-gebze-makale,5818.html\" target=\"_blank\" rel=\"noreferrer noopener\">https:\/\/www.gebzegazetesi.com\/merkez-gebze-makale,5818.html<\/a><\/p>\n\n\n\n<figure class=\"wp-block-embed is-type-video is-provider-youtube wp-block-embed-youtube wp-embed-aspect-16-9 wp-has-aspect-ratio\"><div class=\"wp-block-embed__wrapper\">\n<iframe loading=\"lazy\" title=\"Kocaeli Sanayi Bilim ve Teknoloji Tarihi Paneli - Gebze Teknik \u00dcniversitesi\" width=\"640\" height=\"360\" src=\"https:\/\/www.youtube.com\/embed\/X5F3YpWqaZw?feature=oembed\" frameborder=\"0\" allow=\"accelerometer; autoplay; clipboard-write; encrypted-media; gyroscope; picture-in-picture; web-share\" referrerpolicy=\"strict-origin-when-cross-origin\" allowfullscreen><\/iframe>\n<\/div><\/figure>\n","protected":false},"excerpt":{"rendered":"<p>Kocaeli B\u00fcy\u00fck\u015fehir Belediyesi ve Kocaeli Kent Konseyinin destekledi\u011fi YEDEP projesi kapsam\u0131nda Avrasya Gazeteciler Derne\u011fi olarak UMS\u0130DER ile ortakla\u015fa haz\u0131rlad\u0131\u011f\u0131m\u0131z &#8220;Kocaeli Sanayi, Bilim ve Teknoloji Tarihi&#8221; ile ilgili Gebze Teknik \u00dcniversitesi&#8217;nde panel ve \u00e7al\u0131\u015ftay program\u0131 ger\u00e7ekle\u015ftirildi. Gebze Teknik \u00dcniversitesi&#8217;nde ger\u00e7ekle\u015ftirilen &#8220;Kocaeli Sanayi, Bilim ve Teknoloji Tarihi&#8221; konulu panel, b\u00f6lgenin end\u00fcstriyel ve teknolojik miras\u0131n\u0131n derinlemesine incelendi\u011fi \u00f6nemli [&hellip;]<\/p>\n","protected":false},"author":1,"featured_media":358,"comment_status":"open","ping_status":"open","sticky":false,"template":"","format":"standard","meta":{"footnotes":""},"categories":[3],"tags":[],"class_list":["post-357","post","type-post","status-publish","format-standard","has-post-thumbnail","hentry","category-habeler"],"_links":{"self":[{"href":"https:\/\/www.avrasyagazetecilerdernegi.com\/index.php\/wp-json\/wp\/v2\/posts\/357","targetHints":{"allow":["GET"]}}],"collection":[{"href":"https:\/\/www.avrasyagazetecilerdernegi.com\/index.php\/wp-json\/wp\/v2\/posts"}],"about":[{"href":"https:\/\/www.avrasyagazetecilerdernegi.com\/index.php\/wp-json\/wp\/v2\/types\/post"}],"author":[{"embeddable":true,"href":"https:\/\/www.avrasyagazetecilerdernegi.com\/index.php\/wp-json\/wp\/v2\/users\/1"}],"replies":[{"embeddable":true,"href":"https:\/\/www.avrasyagazetecilerdernegi.com\/index.php\/wp-json\/wp\/v2\/comments?post=357"}],"version-history":[{"count":1,"href":"https:\/\/www.avrasyagazetecilerdernegi.com\/index.php\/wp-json\/wp\/v2\/posts\/357\/revisions"}],"predecessor-version":[{"id":359,"href":"https:\/\/www.avrasyagazetecilerdernegi.com\/index.php\/wp-json\/wp\/v2\/posts\/357\/revisions\/359"}],"wp:featuredmedia":[{"embeddable":true,"href":"https:\/\/www.avrasyagazetecilerdernegi.com\/index.php\/wp-json\/wp\/v2\/media\/358"}],"wp:attachment":[{"href":"https:\/\/www.avrasyagazetecilerdernegi.com\/index.php\/wp-json\/wp\/v2\/media?parent=357"}],"wp:term":[{"taxonomy":"category","embeddable":true,"href":"https:\/\/www.avrasyagazetecilerdernegi.com\/index.php\/wp-json\/wp\/v2\/categories?post=357"},{"taxonomy":"post_tag","embeddable":true,"href":"https:\/\/www.avrasyagazetecilerdernegi.com\/index.php\/wp-json\/wp\/v2\/tags?post=357"}],"curies":[{"name":"wp","href":"https:\/\/api.w.org\/{rel}","templated":true}]}}