{"id":373,"date":"2025-03-25T07:27:46","date_gmt":"2025-03-25T07:27:46","guid":{"rendered":"https:\/\/www.avrasyagazetecilerdernegi.com\/?p=373"},"modified":"2025-03-25T07:27:47","modified_gmt":"2025-03-25T07:27:47","slug":"kocaeli-sanayi-tarihi-ve-kocaeli-sanayi-odasi-belgesel","status":"publish","type":"post","link":"https:\/\/www.avrasyagazetecilerdernegi.com\/index.php\/2025\/03\/25\/kocaeli-sanayi-tarihi-ve-kocaeli-sanayi-odasi-belgesel\/","title":{"rendered":"Kocaeli Sanayi Tarihi ve Kocaeli Sanayi Odas\u0131 &#8211; Belgesel"},"content":{"rendered":"\n<p class=\"has-text-align-center\"><em>Cumhuriyetin Kurulu\u015funun 100. Y\u0131l\u0131 An\u0131s\u0131na<\/em> <strong>Kocaeli Sanayi Odas\u0131<\/strong> <em>Sunar<\/em><\/p>\n\n\n\n<hr class=\"wp-block-separator has-alpha-channel-opacity\"\/>\n\n\n\n<figure class=\"wp-block-embed is-type-video is-provider-youtube wp-block-embed-youtube wp-embed-aspect-16-9 wp-has-aspect-ratio\"><div class=\"wp-block-embed__wrapper\">\n<iframe loading=\"lazy\" title=\"Kocaeli Sanayi Tarihi ve Sanayi Odas\u0131 Belgeseli\" width=\"640\" height=\"360\" src=\"https:\/\/www.youtube.com\/embed\/_7MWpuwCjoI?feature=oembed\" frameborder=\"0\" allow=\"accelerometer; autoplay; clipboard-write; encrypted-media; gyroscope; picture-in-picture; web-share\" referrerpolicy=\"strict-origin-when-cross-origin\" allowfullscreen><\/iframe>\n<\/div><\/figure>\n\n\n\n<p class=\"has-text-align-center\"><strong>KOCAEL\u0130 SANAY\u0130 TAR\u0130H\u0130<\/strong><strong><\/strong><\/p>\n\n\n\n<p><em>\u201cEnd\u00fcstrile\u015fmek, en b\u00fcy\u00fck mill\u00ee davalar\u0131m\u0131z aras\u0131nda yer almaktad\u0131r.<\/em><\/p>\n\n\n\n<p><em>\u00c7al\u0131\u015fmas\u0131 ve ya\u015famas\u0131 i\u00e7in ekonomik elemanlar\u0131 memleketimizde<\/em><\/p>\n\n\n\n<p><em>mevcut olan b\u00fcy\u00fck, k\u00fc\u00e7\u00fck her \u00e7e\u015fit sanayi kuraca\u011f\u0131z ve i\u015fletece\u011fiz.\u201d<\/em><\/p>\n\n\n\n<p><em>Mustafa Kemal ATAT\u00dcRK<\/em><\/p>\n\n\n\n<p>K\u00fclt\u00fcr ve turizmde \u00f6nc\u00fc bir \u015fehir olan Kocaeli, geli\u015fip g\u00fc\u00e7lenmesini k\u00f6kl\u00fc tarihsel ge\u00e7mi\u015fi kadar \u00f6rnek bir \u201csanayi kenti\u201d olmas\u0131na da bor\u00e7ludur. Ticaret ve sanayinin \u00f6nemli merkezlerinden biri olan Kocaeli\u2019nin \u0130zmit ve Gebze ba\u015fta olmak \u00fczere di\u011fer il\u00e7eleri de sanayile\u015fme konusunda \u00f6nemli ad\u0131mlara tan\u0131kl\u0131k etmi\u015ftir.<\/p>\n\n\n\n<p>Cumhuriyetinin ilan\u0131n\u0131 16 Ay \u00f6nce Kocaeli\u2019de ilan eden Atat\u00fcrk\u2019\u00fcn 16 Ocak 1923 de \u0130zmit de d\u00fczenledi\u011fi Bas\u0131n Toplant\u0131s\u0131 \u00e7ok \u00f6nemlidir. Atat\u00fcrk\u2019\u00fcn \u0130zmit Bas\u0131n Toplant\u0131s\u0131 d\u00fc\u015f\u00fcn\u00fcld\u00fc\u011f\u00fcnde T\u00fcrkiye Cumhuriyeti\u2019nin kurulu\u015funda \u00e7ok \u00f6nemli yeri olan Kocaeli, cumhuriyetin kalk\u0131nmas\u0131nda \u00f6nemli yer oynad\u0131\u011f\u0131 gibi Cumhuriyetin 100. y\u0131l\u0131nda da sanayi ve ticaret ba\u015fta olmak \u00fczere bir\u00e7ok geli\u015fime ev sahipli\u011fi yapmaktad\u0131r.<\/p>\n\n\n\n<p>Tarihsel s\u00fcreci takip etti\u011fimizde T\u00fcrk Sanayi Hareketi\u2019nin ilk ad\u0131mlar\u0131n\u0131n Kocaeli\u2019de at\u0131ld\u0131\u011f\u0131n\u0131 g\u00f6r\u00fcr\u00fcz. Kuma\u015f dokuma, askeri malzemeler, \u00e7imento sanayi, k\u00e2\u011f\u0131t ve ipek hal\u0131 fabrikalar\u0131 18. Y\u00fczy\u0131lda ilk defa Kocaeli\u2019de kurulur. Osmanl\u0131 da ilk K\u00e2\u011f\u0131t fabrikas\u0131 1700\u2019l\u00fc y\u0131llarda \u0130zmit Sanca\u011f\u0131\u2019na ba\u011fl\u0131 Yalakabad\u2019da kurulmu\u015f olmas\u0131 k\u00fclt\u00fcr tarihimiz a\u00e7\u0131s\u0131ndan da Kocaeli\u2019nin \u00f6nemini g\u00f6sterir.<\/p>\n\n\n\n<p><strong>Bir D\u00fcnya Markas\u0131: HEREKE HALISI<\/strong><\/p>\n\n\n\n<p>Kocaeli\u2019nin en eski sanayi yap\u0131lar\u0131 Osmanl\u0131 D\u00f6nemi\u2019nden kalma Hereke Fabrika-i H\u00fcmayun\u2019dur.1843 y\u0131l\u0131nda \u00f6zel te\u015febb\u00fcs olarak kurulan bu fabrika, o d\u00f6nemin sanayile\u015fme hamlesinin \u00f6nemi g\u00f6zler \u00f6n\u00fcne seren T\u00fcrk sanayi tarihinin bir yap\u0131ta\u015f\u0131d\u0131r. Y\u0131ld\u0131z Saray\u0131 i\u00e7in d\u00fcnyan\u0131n en b\u00fcy\u00fck hal\u0131s\u0131 olarak \u00fcn yapan 560 metre kare boyutundaki hal\u0131 1892\u2019de bu fabrikada dokunmu\u015ftur. Hereke y\u00fcnl\u00fc dokuma fabrikas\u0131 hal\u0131c\u0131l\u0131\u011f\u0131n g\u00fcn\u00fcm\u00fcze kadar ge\u00e7en bir bu\u00e7uk as\u0131r i\u00e7inde \u00fcretti\u011fi ipek ve y\u00fcnl\u00fc hal\u0131lar\u0131 ile d\u00fcnya hal\u0131c\u0131l\u0131k literat\u00fcr\u00fcne girmeyi ba\u015farm\u0131\u015ft\u0131r. Hereke ipek hal\u0131lar\u0131n en \u00f6nemli \u00f6zelli\u011fi kullan\u0131lan ipe\u011fin kozadan \u00e7ekiminin elle ger\u00e7ekle\u015ftirilmesidir. Hereke hal\u0131lar\u0131, Anadolu geleneksel hal\u0131c\u0131l\u0131\u011f\u0131ndan beslenirken modern olmay\u0131 da ba\u015fararak bir d\u00fcnya markas\u0131 olmu\u015ftur. Hereke hal\u0131 ve dokuma fabrikas\u0131nda 1933 y\u0131l\u0131nda \u00e7ekilen belgesel filmi, Kocaeli sanayi tarihine \u0131\u015f\u0131k tutmakta. Kocaeli sanayi tarihi belgeselinde yay\u0131nlanan Bu film cumhuriyet d\u00f6neminde sanayimizin nas\u0131l geli\u015fip b\u00fcy\u00fcd\u00fc\u011f\u00fcn\u00fcn de en \u00f6nemli belgesidir.<\/p>\n\n\n\n<p><strong>Kocaeli\u2019de Kurulan \u0130lk Cumhuriyet Fabrikas\u0131: G\u00d6LC\u00dcK TERSANES\u0130<\/strong><strong><\/strong><\/p>\n\n\n\n<p>1924 y\u0131l\u0131nda Bahriye Vek\u00e2leti kurulmu\u015f, &nbsp;Kocaeli\u2019nin G\u00f6lc\u00fck il\u00e7esi de tersane b\u00f6lgesi olarak se\u00e7ilmi\u015ftir. Kurulan tersanede ilk olarak 1. D\u00fcnya Sava\u015f\u0131&#8217;nda may\u0131na \u00e7arparak yara alan Yavuz Z\u0131rhl\u0131s\u0131&#8217;n\u0131n onar\u0131m\u0131 yap\u0131lm\u0131\u015f ve gemi 1927 y\u0131l\u0131nda havuza indirilmi\u015ftir. 1933 y\u0131l\u0131na geldi\u011fimiz de ise Donanma Ana \u00dcss\u00fc\u2019n\u00fcn G\u00f6lc\u00fck\u2019te kurulmas\u0131na karar verilmi\u015ftir. Bundan sonra askeri fabrikalar\u0131n, at\u00f6lyelerin, tesislerin, i\u015f\u00e7i evlerinin yap\u0131lmas\u0131yla birlikte sahil boyunda yo\u011fun yerle\u015fim ba\u015flam\u0131\u015f hem G\u00f6lc\u00fck\u2019\u00fcn hem de Kocaeli\u2019nin kaderi de\u011fi\u015fmi\u015ftir. G\u00f6lc\u00fck il\u00e7esinin ad\u0131n\u0131n da Yavuz Z\u0131rhl\u0131s\u0131\u2019n\u0131n havuzland\u0131\u011f\u0131 b\u00f6lgedeki g\u00f6lden geldi\u011fi s\u00f6ylenmektedir. \u0130stanbul&#8217;da bulunan Tuzla Tersanesi&#8217;nden sonra T\u00fcrkiye&#8217;nin ikinci en b\u00fcy\u00fck gemi in\u015fa tesisidir.<\/p>\n\n\n\n<p>Asl\u0131nda bu ba\u015far\u0131 bir tesad\u00fcf de\u011fildir. Kocaeli, k\u00f6kl\u00fc bir ge\u00e7mi\u015fe sahip bir liman b\u00f6lgesidir. Bu konuda verilecek en g\u00fczel \u00f6rnek Derince Liman\u0131n\u0131n kurulu\u015f hik\u00e2yesidir. 1890 y\u0131l\u0131nda liman kurulmas\u0131 i\u00e7in \u0130zmit K\u00f6rfezi\u2019nde en derin k\u0131y\u0131s\u0131 bulunan bir yer aran\u0131r, yetkililer en derin yer olarak bug\u00fcnk\u00fc liman\u0131n bulundu\u011fu yeri tespit ederler. Buras\u0131 derinli\u011finden dolay\u0131 \u201cDerince Liman\u201d diye an\u0131lmaya ba\u015flar.<\/p>\n\n\n\n<p><strong>Medeniyet Hamuru: SEKA K\u00c2\u011eIT FABR\u0130KASI<\/strong><\/p>\n\n\n\n<p>\u0130zmit\u2019teki sanayi kurulu\u015flar\u0131ndan ilki olan SEKA K\u00e2\u011f\u0131t Fabrikas\u0131 Cumhuriyetin ilk d\u00f6nemlerinde \u0130zmit\u2019in oldu\u011fu kadar T\u00fcrkiye\u2019nin de ekonomik ve sosyal ya\u015fam\u0131nda b\u00fcy\u00fck \u00f6nem ta\u015f\u0131m\u0131\u015ft\u0131r. \u0130ktisat Vek\u00e2letine atanan Celal Bayar, k\u00e2\u011f\u0131t fabrikas\u0131 projesini devlet taraf\u0131ndan kurulacak olan S\u00fcmerbank\u2019\u0131n \u00fcstlenmesini uygun g\u00f6r\u00fcr. S\u00fcmerbank\u2019\u0131n 3 Haziran 1933\u2019te kurulmas\u0131yla, Birinci Be\u015f Y\u0131ll\u0131k Sanayi Plan\u0131\u2019nda yer alan k\u00e2\u011f\u0131t fabrikas\u0131 i\u00e7in de \u00e7al\u0131\u015fmalar ba\u015flar. 1934 y\u0131l\u0131nda uygulamaya konan Birinci Be\u015f Y\u0131ll\u0131k Sanayi Plan\u0131 kapsam\u0131nda su temini, arazi topografyas\u0131 ve nakliye olanaklar\u0131 gibi kriterlere uygun olarak kurulacak fabrikan\u0131n yeri \u0130zmit olarak belirlenir. Ba\u015fvekil \u0130smet \u0130n\u00f6n\u00fc taraf\u0131ndan temelleri 14 A\u011fustos 1934 y\u0131l\u0131nda at\u0131lan ve 1939 y\u0131l\u0131nda tamamlanan I. K\u00e2\u011f\u0131t Fabrikas\u0131 olarak bilinen, toplam de\u011feri 30.400 lira olan \u0130zmit K\u00e2\u011f\u0131t ve Karton Fabrikas\u0131 121.864 metrekarelik bir alana kurulur. Atat\u00fcrk\u2019\u00fcn \u0130zmit K\u00e2\u011f\u0131t Fabrikas\u0131\u2019nda \u00fcretilen yerli k\u00e2\u011f\u0131tta bas\u0131lan 19 May\u0131s 1936 tarihli Ulus gazetesinin bayram ekini inceledi\u011finde s\u00f6yledi\u011fi \u201cMedeniyet hamuru\u2026\u201d s\u00f6z\u00fc, \u0130zmit K\u00e2\u011f\u0131t Fabrikas\u0131\u2019n\u0131n bunca y\u0131ll\u0131k tarihinin adeta \u00f6zetidir. Bu fabrikaya 1944 y\u0131l\u0131nda ikinci k\u00e2\u011f\u0131t sel\u00fcloz fabrikas\u0131, 1945\u2019te Klor Alkali Fabrikas\u0131 ilave edildi. 1954\u2019te de \u00fc\u00e7\u00fcnc\u00fc k\u00e2\u011f\u0131t fabrikas\u0131 kuruldu. 1955\u2019te \u00e7\u0131kar\u0131lan bir kanunla S\u00fcmerbank\u2019tan ayr\u0131l\u0131p T\u00fcrkiye Sel\u00fcloz ve K\u00e2\u011f\u0131t Fabrikalar\u0131 \u0130\u015fletmesi Genel M\u00fcd\u00fcrl\u00fc\u011f\u00fc (SEKA) ad\u0131 ile iktisadi bir devlet kurulu\u015fu oldu.<\/p>\n\n\n\n<p><br><strong>T\u00fcrkiye\u2019nin En H\u0131zl\u0131 Geli\u015fen Sanayi B\u00f6lgesi: KOCAEL\u0130<\/strong><\/p>\n\n\n\n<p>\u00d6zellikle cumhuriyetten sonra sanayi ve teknolojide T\u00fcrkiye\u2019nin lokomotifi g\u00f6revini \u00fcstlenen Kocaeli, 1960-1975 y\u0131llar\u0131nda yo\u011funluk kazanan sanayi yat\u0131r\u0131mlar\u0131 ile T\u00fcrkiye\u2019nin en h\u0131zl\u0131 geli\u015fen sanayi b\u00f6lgelerinden biri haline gelmi\u015ftir. Bunun sonucunda Kocaeli, \u0130stanbul\u2019dan sonra ikinci sanayi merkezi olma \u00f6zelli\u011fine kavu\u015fmu\u015ftur. \u00c7ok uluslu sanayi kurulu\u015flar\u0131n\u0131n yat\u0131r\u0131m i\u00e7in tercih etti\u011fi Kocaeli b\u00f6lgesi, imalat sanayisinde ula\u015ft\u0131\u011f\u0131 y\u00fcksek teknoloji ile T\u00fcrkiye sanayisinin kalbi durumunda. Kocaeli; organize sanayi b\u00f6lgeleri, serbest b\u00f6lge ve teknoparklar\u0131 ile bir adeta bir teknokent konumunda. Kocaeli\u2019nde sanayiyi belli bir b\u00f6lgede disipline etmek amac\u0131yla 1980\u2019li y\u0131llar\u0131n sonunda organize sanayi b\u00f6lgelerinin kurulma \u00e7al\u0131\u015fmalar\u0131 ba\u015flad\u0131. T\u00fcrk sanayicilerinin \u00f6rnek ald\u0131\u011f\u0131 ve bir\u00e7ok ilklerin ger\u00e7ekle\u015fti\u011fi organize sanayi b\u00f6lgelerinde sunulan hizmetler geli\u015fmi\u015f \u00fclkelerdeki end\u00fcstri parklar\u0131 d\u00fczeyinde. T\u00fcrkiye\u2019nin \u00f6nemli ve b\u00fcy\u00fck potansiyelini olu\u015fturan Kocaeli\u2019nin sahip oldu\u011fu bu varl\u0131k, bir serbest b\u00f6lge kurulma ihtiyac\u0131n\u0131 yaratt\u0131. T\u00dcB\u0130TAK Marmara Ara\u015ft\u0131rma Merkezi, T\u00dcB\u0130TAK Teknoloji Geli\u015ftirme Merkezi T\u00fcrk Standartlar\u0131 Enstit\u00fcs\u00fc, k\u00fc\u00e7\u00fck ve orta \u00f6l\u00e7ekli sanayi geli\u015ftirme merkezi, T\u00fcrkiye Sanayi Sevk ve \u0130dare Enstit\u00fcs\u00fc, Kocaeli \u00dcniversitesi, Gebze Teknik \u00dcniversitesi ve Bili\u015fim Vadisi sanayinin geli\u015fmesini te\u015fvik eden kurum ve kurulu\u015flar olarak Kocaeli\u2019de faaliyet g\u00f6steriyor.<\/p>\n\n\n\n<p><strong>Kocaeli\u2019nin Kamu \u0130ktisadi Te\u015fekk\u00fclleri: T\u00dcPRA\u015e, PETK\u0130M, \u0130GSA\u015e, G\u00dcBRETA\u015e <\/strong><strong><\/strong><\/p>\n\n\n\n<p>T\u00fcrkiye\u2019nin ilk petrol rafinerisi olan T\u00dcPRA\u015e, Batman Rafinerisinin 1955 y\u0131l\u0131nda devreye al\u0131nmas\u0131ndan sonra ikinci rafineri 6 y\u0131l sonra 1961 y\u0131l\u0131nda 1,0 milyon ton\/y\u0131l kapasiteli \u0130zmit Rafinerisi devreye al\u0131nm\u0131\u015ft\u0131r. \u0130zmit Rafinerisinin ham petrol i\u015fleme kapasitesi 1971 y\u0131l\u0131nda 5,5 milyon ton\/y\u0131la, 1982 y\u0131l\u0131nda ise 11,5 milyon ton\/y\u0131la y\u00fckseltilmi\u015ftir. Eyl\u00fcl 2014&#8217;te \u0130zmit Rafinerisi&#8217;nin bulundu\u011fu b\u00f6lgede Fuel Oil D\u00f6n\u00fc\u015f\u00fcm Tesisi faaliyete ge\u00e7mi\u015ftir.[12] Bu tesiste katma de\u011feri d\u00fc\u015f\u00fck olan fuel oilin benzin, motorin, LPG gibi de\u011ferli akaryak\u0131tlara ve petrokok ile k\u00fck\u00fcrt gibi maddelere d\u00f6n\u00fc\u015f\u00fcm\u00fc sa\u011flanmaktad\u0131r.<\/p>\n\n\n\n<p>K\u0131sa ad\u0131 PETK\u0130M olan Petrokimya Holding A.\u015e., 1962 y\u0131l\u0131nda 1. Be\u015f Y\u0131ll\u0131k Kalk\u0131nma Plan\u0131 sonucunda 3 Nisan 1965 y\u0131l\u0131nda 250 Milyon TL sermaye ile TPAO (T\u00fcrkiye Petrolleri Anonim Ortakl\u0131\u011f\u0131) \u00f6nc\u00fcl\u00fc\u011f\u00fcnde kurulmu\u015ftur. PETK\u0130M ilk yat\u0131r\u0131m faaliyetlerine \u0130zmit, Yar\u0131mca\u2019daki Kau\u00e7uk ve daha sonra da Etilen, Polietilen, Klor Alkali, VCM ve PVC tesislerinde ba\u015flam\u0131\u015ft\u0131r.<\/p>\n\n\n\n<p>6 Kas\u0131m 1952 tarihinde Ba\u015fbakan Adnan Menderes d\u00f6nemindeki Bakanlar Kurulu karar\u0131yla \u00fclke tar\u0131m\u0131nda kimyevi g\u00fcbre kullan\u0131m\u0131 yoluyla verimlili\u011fin art\u0131r\u0131lmas\u0131 amac\u0131yla \u201cG\u00fcbre Fabrikalar\u0131 T\u00fcrk Anonim \u015eirketi\u201d (G\u00dcBRETA\u015e) kurulmu\u015ftur. 1961 y\u0131l\u0131nda Kocaeli Yar\u0131mca\u2019da \u00fcretim kapasitesi y\u0131lda 100 bin ton olan ikinci fabrika faaliyete ba\u015flam\u0131\u015ft\u0131r. 1964 y\u0131l\u0131nda Yar\u0131mca\u2019daki fabrikaya iskele in\u015fa edilerek yurtd\u0131\u015f\u0131ndan tedarik edilen hammaddelerin tahliyesi ile \u00fcr\u00fcn sevkiyat\u0131 h\u0131zland\u0131r\u0131lm\u0131\u015ft\u0131r.<\/p>\n\n\n\n<p>T\u00fcrkiye g\u00fcbre \u00fcretiminde ve ithalat\u0131nda \u00f6nemli bir role sahip olan \u0130stanbul G\u00fcbre Sanayi A.\u015e. (\u0130GSA\u015e), 1971 y\u0131l\u0131nda Kocaeli\u2019nin K\u00f6rfez il\u00e7esinde bir kamu kurulu\u015fu olarak kurulmu\u015ftur. T\u00fcrk \u00e7ift\u00e7isinin ve sanayicisinin ihtiya\u00e7 duydu\u011fu g\u00fcbreleri gerek \u00fcretimle gerek ithalatla T\u00fcrk tar\u0131m\u0131n\u0131n ve sanayinin hizmetine sunan \u0130GSA\u015e, bug\u00fcn T\u00fcrkiye\u2019nin en b\u00fcy\u00fck sanayi kurulu\u015flar\u0131ndan biri durumundad\u0131r.<\/p>\n\n\n\n<p><strong>500 B\u00dcY\u00dcK\u2019TE YER ALAN SANAY\u0130 KURULU\u015eLARIMIZDAN BAZILARI<\/strong><\/p>\n\n\n\n<p>Kocaeli\u2019nin as\u0131l \u00fcretim g\u00fcc\u00fc ve \u00fclke ekonomisindeki yeri giderek art\u0131yor. T\u00fcrkiye\u2019nin gurur tablosunda yer alan en b\u00fcy\u00fck 500 sanayi kurulu\u015funun 84 tanesinin ya merkezleri ya da \u00fcretim tesisleri Kocaeli\u2019de bulunuyor.<\/p>\n\n\n\n<p>1&nbsp;&nbsp;&nbsp;&nbsp;&nbsp;&nbsp;&nbsp;&nbsp;&nbsp; T\u00dcPRA\u015e-T\u00fcrkiye Petrol Rafinerileri A.\u015e.<\/p>\n\n\n\n<p>2&nbsp;&nbsp;&nbsp;&nbsp;&nbsp;&nbsp;&nbsp;&nbsp;&nbsp; Ford Otomotiv Sanayi A.\u015e.<\/p>\n\n\n\n<p>12&nbsp;&nbsp;&nbsp;&nbsp;&nbsp;&nbsp;&nbsp; \u00c7olako\u011flu Metalurji A.\u015e.<\/p>\n\n\n\n<p>22&nbsp;&nbsp;&nbsp;&nbsp;&nbsp;&nbsp;&nbsp; T\u00fcrkiye \u015ei\u015fe ve Cam Fabrikalar\u0131 A.\u015e.<\/p>\n\n\n\n<p>27&nbsp;&nbsp;&nbsp;&nbsp;&nbsp;&nbsp;&nbsp; Sarkuysan Elektrolitik Bak\u0131r San. ve Tic. A.\u015e.<\/p>\n\n\n\n<p>34&nbsp;&nbsp;&nbsp;&nbsp;&nbsp;&nbsp;&nbsp; T\u00fcrkiye Petrolleri Anonim Ortakl\u0131\u011f\u0131<\/p>\n\n\n\n<p>45&nbsp;&nbsp;&nbsp;&nbsp;&nbsp;&nbsp;&nbsp; Kroman \u00c7elik Sanayii A.\u015e.<\/p>\n\n\n\n<p>90&nbsp;&nbsp;&nbsp;&nbsp;&nbsp;&nbsp;&nbsp; \u0130GSA\u015e-\u0130stanbul G\u00fcbre Sanayii A.\u015e.<\/p>\n\n\n\n<p>142&nbsp;&nbsp;&nbsp;&nbsp;&nbsp; Namet G\u0131da San. ve Tic. A.\u015e.<\/p>\n\n\n\n<p>219&nbsp;&nbsp;&nbsp;&nbsp;&nbsp; DYO Boya Fabrikalar\u0131 San. ve Tic. A.\u015e.<\/p>\n\n\n\n<p>220&nbsp;&nbsp;&nbsp;&nbsp;&nbsp; \u00c7ay\u0131rova Boru San. ve Tic. A.\u015e.<\/p>\n\n\n\n<p>268&nbsp;&nbsp;&nbsp;&nbsp;&nbsp; Nuh \u00c7imento Sanayi A.\u015e.<\/p>\n\n\n\n<p>376&nbsp;&nbsp;&nbsp;&nbsp;&nbsp; Tad\u0131m G\u0131da Maddeleri San. ve Tic. A.\u015e.<\/p>\n\n\n\n<p>476&nbsp;&nbsp;&nbsp;&nbsp;&nbsp; Kocaeli Lastik Sanayi A.\u015e.<\/p>\n\n\n\n<p>480&nbsp;&nbsp;&nbsp;&nbsp;&nbsp; Teksan Jenerat\u00f6r Elektrik San. ve Tic. A.\u015e.<\/p>\n\n\n\n<p><strong>Kocaeli\u2019nin ilk Organize Sanayi B\u00f6lgesi: GEBZE ORGAN\u0130ZE SANAY\u0130 B\u00d6LGES\u0130<\/strong><\/p>\n\n\n\n<p>Osmanl\u0131\u2019da ilk k\u00e2\u011f\u0131t fabrikas\u0131 1700\u2019l\u00fc y\u0131llarda \u0130zmit\u2019e ba\u011fl\u0131 Yalova\u2019da kuruldu. Osmanl\u0131\u2019da ilk \u00f6zel sekt\u00f6r 1800\u2019l\u00fc y\u0131llarda Gebze\u2019ye ba\u011fl\u0131 Hereke\u2019de kuruldu. \u0130lk \u00e7imento fabrikas\u0131 1910 senelerinde Gebze Eskihisar\u2019da Aslan \u00c7imento ad\u0131yla faaliyete ba\u015flam\u0131\u015ft\u0131. Sanayiyi organize etmek i\u00e7in ilk organize sanayi b\u00f6lgesi ise Gebze\u2019de kuruldu. Kocaeli valisi \u0130hsan Dede d\u00f6neminde Kocaeli, Ticaret Sanayi Odas\u0131 ba\u015fkan\u0131 \u015eehabettin Bilgisu d\u00f6nemin arsa ofisi genel m\u00fcd\u00fcr\u00fcn Sabih Urgan\u2019\u0131n Gebze Kaymakaml\u0131\u011f\u0131nda ilk OSB\u2019nin kurulu\u015f toplant\u0131s\u0131n\u0131 yaparlar. Sonucunda 1985 y\u0131l\u0131nda sanayiyi disipline edebilmek amac\u0131yla GOSB kurulur. Kurulu\u015funda T\u00fcrkiye\u2019de hi\u00e7 uygulanmam\u0131\u015f olan \u201csat-yap\u201d modeli olu\u015fturulmu\u015ftur. GOSB, \u201cher \u015feyin devletten beklenmemesi ilkesi\u201d ile kredi kullan\u0131lmadan, tamamen kat\u0131l\u0131mc\u0131lar\u0131n finansman\u0131 ile ger\u00e7ekle\u015ftirilmi\u015ftir.<\/p>\n\n\n\n<p><strong>Sanayide Marka \u015eehir Kocaeli\u2019nin Marka Kurulu\u015fu: KOCAEL\u0130 SANAY\u0130 ODASI<\/strong><\/p>\n\n\n\n<p>Kocaeli Sanayi Odas\u0131\u2019n\u0131n tarihi Osmanl\u0131 d\u00f6nemine kadar gitmekte. Mesleki faaliyetlerin tek elden s\u00fcrd\u00fcr\u00fcld\u00fc\u011f\u00fc d\u00f6nemde kurulan \u0130zmit Ticaret ve Sanayi Odas\u0131, daha sonra b\u00f6l\u00fcnmeler ya\u015fam\u0131\u015f; Haziran 1989 tarihinde Kocaeli Sanayi Odas\u0131 kurulmu\u015ftur. Osmanl\u0131\u2019dan Cumhuriyet\u2019e T\u00fcrkiye\u2019de sanayinin geli\u015fmesine \u00f6nc\u00fcl\u00fck eden Kocaeli sanayisinin adeta temsilcili\u011fini yapan Kocaeli Sanayi Odas\u0131, cumhuriyetin 100. y\u0131l\u0131nda da b\u00f6lge ve \u00fclke ekonomisi i\u00e7in \u00e7al\u0131\u015fmalar\u0131na h\u0131z kesmeden devam ediyor. Kocaeli Sanayi Odas\u0131, k\u00f6kl\u00fc tarihi ge\u00e7mi\u015fi ile \u00fcstlendi\u011fi misyonu ve vizyonunu Cumhuriyetinin 100. y\u0131l\u0131ndan alaca\u011f\u0131 g\u00fc\u00e7 ve kuvvetle gelecek y\u00fcz y\u0131llara ta\u015f\u0131maya devam edecektir.<\/p>\n\n\n\n<figure class=\"wp-block-embed is-type-video is-provider-youtube wp-block-embed-youtube wp-embed-aspect-16-9 wp-has-aspect-ratio\"><div class=\"wp-block-embed__wrapper\">\n<iframe loading=\"lazy\" title=\"Kocaeli Sanayi Tarihi belgeseli - 1. b\u00f6l\u00fcm\" width=\"640\" height=\"360\" src=\"https:\/\/www.youtube.com\/embed\/LQ2XUFlud2g?feature=oembed\" frameborder=\"0\" allow=\"accelerometer; autoplay; clipboard-write; encrypted-media; gyroscope; picture-in-picture; web-share\" referrerpolicy=\"strict-origin-when-cross-origin\" allowfullscreen><\/iframe>\n<\/div><\/figure>\n\n\n\n<hr class=\"wp-block-separator has-alpha-channel-opacity\"\/>\n\n\n\n<p class=\"has-text-align-center\"><strong>ATAT\u00dcRK ve KOCAEL\u0130<\/strong><\/p>\n\n\n\n<p><em>\u201c\u0130zmit, T\u00fcrkiye&#8217;nin en k\u0131ymetli ve en m\u00fchim b\u00f6lgelerinden birisidir.<\/em><\/p>\n\n\n\n<p><em>\u00c7ok m\u00fchimdir, \u00e7ok g\u00fczel bir koyun sahilinde kurulmu\u015ftur.<\/em><\/p>\n\n\n\n<p><em>Etraf ve havalisi cennet gibidir. Verimlidir, bereketlidir, kaynaklar\u0131 zengindir.\u201d<\/em><\/p>\n\n\n\n<p><em>Mustafa Kemal ATAT\u00dcRK<\/em><\/p>\n\n\n\n<p>\u0130zmit\u2019e h\u00e2kim bir noktada ziyaret\u00e7ilerini kar\u015f\u0131lar Kasr-\u0131 H\u00fcmayun. Bu g\u00f6steri\u015fli yap\u0131, asl\u0131nda bir av k\u00f6\u015fk\u00fc olarak in\u015fa edilmi\u015ftir. \u0130lk k\u00f6\u015fk, IV. Murat d\u00f6neminde ah\u015fap olarak in\u015fa edilir. Ama sonraki y\u0131llarda deprem, yang\u0131n gibi afetler neticesinde zarar g\u00f6ren k\u00f6\u015fk, tekrardan yap\u0131lm\u0131\u015ft\u0131r. Son halini Sultan Abd\u00fclaziz D\u00f6neminde alan bu k\u00f6\u015fk, sadece Osmanl\u0131\u2019n\u0131n son d\u00f6nemlerine \u015fahitlik etmekle kalmam\u0131\u015ft\u0131r. Ayn\u0131 zamanda cumhuriyetin ilk kurulu\u015f fikri de bu k\u00f6\u015fkte dile getirilmi\u015ftir.<\/p>\n\n\n\n<p>Yar\u0131m asr\u0131 a\u015fan hayat\u0131nda Mustafa Kemal Atat\u00fcrk\u2019\u00fcn yolu Kocaeli, \u0130zmit\u2019ten 52 kez ge\u00e7mi\u015ftir. Atat\u00fcrk\u2019\u00fcn be\u015finci kez \u0130zmit\u2019e yolu d\u00fc\u015ft\u00fc\u011f\u00fcnde bu \u00fclkenin kaderi toptan de\u011fi\u015fmi\u015fti. B\u00fcy\u00fck Zafer\u2019in kazan\u0131lmas\u0131ndan sonra 16 Ocak 1923\u2019te Kocaeli\u2019ye gelen Atat\u00fcrk, \u0130zmit\u2019teki Kasr\u0131 H\u00fcmayun\u2019da bir bas\u0131n toplant\u0131s\u0131 d\u00fczenledi. Atat\u00fcrk\u2019\u00fcn 35 g\u00fcn s\u00fcren yurt gezisinin ilk par\u00e7as\u0131 olan \u0130zmit Bas\u0131n Toplant\u0131s\u0131, Cumhuriyet\u2019in ilan edilece\u011finin ilk m\u00fcjdesini de vermesi a\u00e7\u0131s\u0131ndan da ayr\u0131 bir \u00f6neme sahiptir.<\/p>\n\n\n\n<p>B\u00fcy\u00fck Millet Meclisi H\u00fck\u00fbmeti\u2019nin \u0130stanbul Temsilcisi Dr. Adnan Ad\u0131var ve e\u015fi Halide Edip Ad\u0131var arac\u0131l\u0131\u011f\u0131yla \u0130stanbul k\u00f6kenli gazetelerin yazarlar\u0131 \u0130zmit\u2019e davet edilmi\u015ftir. Bas\u0131n toplant\u0131s\u0131na kat\u0131lan gazeteciler aras\u0131nda Vakit ba\u015fyazar\u0131 Ahmet Emin Yalman, Tevhid-i Efk\u00e2r ba\u015fyazar\u0131 Velid Eb\u00fczziya, \u0130leri ba\u015fyazar\u0131 Suphi Nuri \u0130leri, \u0130kdam yazar\u0131 Yakup Kadri Karaosmano\u011flu, Tanin yazar\u0131 \u0130sm\u00e2il M\u00fc\u015ftak Mayokan, Ak\u015fam yazar\u0131 Falih R\u0131fk\u0131 Atay ve Yenig\u00fcn ba\u015fyazar\u0131 Yunus Nadi Abal\u0131o\u011flu\u2019da vard\u0131r.<\/p>\n\n\n\n<p>Kasr-\u0131 H\u00fcmayun\u2019un alt kat\u0131ndaki b\u00fcy\u00fck salonda saat 21.30\u2019da ba\u015flayan ve yakla\u015f\u0131k alt\u0131 saat s\u00fcren toplant\u0131da Atat\u00fcrk gazetecilerden ald\u0131\u011f\u0131 sorulara g\u00f6re konu\u015faca\u011f\u0131 konu ba\u015fl\u0131klar\u0131n\u0131 belirlemi\u015ftir. Toplant\u0131da Misak-\u0131 Mill\u00ee\u2019ye g\u00f6re Bat\u0131 Trakya\u2019n\u0131n konumu, bar\u0131\u015f ve Lozan Konferans\u0131,&nbsp; h\u00fck\u00fbmet merkezinin neresi olaca\u011f\u0131, TBMM\u2019nin i\u00e7yap\u0131s\u0131 ve i\u015fleyi\u015fi, kad\u0131nlar\u0131n milletvekili olup olamayacaklar\u0131, n\u00fcfus ve g\u00f6\u00e7 sorunlar\u0131 ve T\u00fcrk d\u0131\u015f politikas\u0131na gibi konular\u0131n\u0131n \u00fczerinde durulmu\u015ftur. 2007 y\u0131l\u0131nda restore edilerek ziyarete a\u00e7\u0131lan k\u00f6\u015fk, bu tarihi g\u00fcn\u00fc unutturmamak i\u00e7in yeniden d\u00fczenlenmi\u015ftir. K\u00f6\u015fkte Atat\u00fcrk\u2019\u00fcn Savarona gemisinde kulland\u0131\u011f\u0131 sehpa ve telefonu, abajuru, deriden yap\u0131lm\u0131\u015f dinlenme koltu\u011fu, satran\u00e7 masas\u0131 gibi e\u015fyalar\u0131 yer almaktad\u0131r. Ayr\u0131ca Atat\u00fcrk\u2019\u00fcn ilk bas\u0131n toplant\u0131s\u0131n\u0131n yap\u0131ld\u0131\u011f\u0131 bas\u0131n mensuplar\u0131n\u0131n isimlerinin bulundu\u011fu temsili toplant\u0131 masas\u0131 da m\u00fczede bulunmaktad\u0131r.<\/p>\n\n\n\n<p>Atat\u00fcrk\u2019\u00fcn Kocaeli\u2019deki izleri bununla s\u0131n\u0131rl\u0131 de\u011fildir. Kasr-\u0131 H\u00fcmayun\u2019un \u00e7ok yak\u0131n\u0131nda bulunan \u201cAtat\u00fcrk ve Redif M\u00fczesi\u201d de Atat\u00fcrk\u2019\u00fcn bir\u00e7ok e\u015fyas\u0131n\u0131 b\u00fcnyesinde bar\u0131nd\u0131rmaktad\u0131r. Redif, Osmanl\u0131 \u0130mparatorlu\u011fu\u2019nda askerlik g\u00f6revini yerine getirdikten sonra yede\u011fe ayr\u0131lan er anlam\u0131na gelmektedir. Redif Te\u015fkilat\u0131\u2019n\u0131n birinci merkezi \u0130zmit\u2019tir. 2012 y\u0131l\u0131ndan beri \u201cAtat\u00fcrk ve Redif M\u00fczesi\u201d olarak faaliyet g\u00f6steren \u0130zmit Redif Dairesi, ilk olarak Sultan Abd\u00fclaziz d\u00f6neminde Kasr-\u0131 H\u00fcmayun ile birlikte yapt\u0131r\u0131lm\u0131\u015ft\u0131r. Bu m\u00fczede Mustafa Kemal Atat\u00fcrk&#8217;\u00fcn Savarona Yat\u0131&#8217;nda kulland\u0131\u011f\u0131 e\u015fyalar, Atat\u00fcrk ve silah arkada\u015flar\u0131n\u0131n foto\u011fraflar\u0131, Atat\u00fcrk\u2019\u00fcn 1922 y\u0131l\u0131nda \u0130zmit ile ilgili s\u00f6yledi\u011fi s\u00f6zlerin aktar\u0131lm\u0131\u015f oldu\u011fu pano d\u0131\u015f\u0131nda askeri merasim \u00fcr\u00fcnleri, silahlar, k\u0131l\u0131\u00e7lar, g\u00fcm\u00fc\u015f ve k\u0131yafet gibi eserler ziyaret\u00e7ileri beklemektedir.<\/p>\n\n\n\n<p>Kocaeli\u2019nin Atat\u00fcrk\u2019\u00fcn hayat\u0131ndaki bir ba\u015fka \u00f6nemi de onun ya\u015farken yap\u0131lan 45 heykelinden birine ev sahipli\u011fi yapmas\u0131d\u0131r. Nijad Sirel taraf\u0131ndan 1933 y\u0131l\u0131nda yap\u0131lan ve Kocaeli\u2019de in\u015fa edilen ilk heykel olan Atat\u00fcrk An\u0131t\u0131, cumhuriyetimizin onuncu y\u0131ld\u00f6n\u00fcm\u00fcnde Kocaeli Vilayeti\u2019nin ve \u0130zmitlilerin gayretleriyle yap\u0131lm\u0131\u015f; \u0130zmit\u2019in en g\u00fczel noktas\u0131 olan Saat Kulesi ve Saray civar\u0131nda bir t\u00f6ren alan\u0131 yap\u0131larak bug\u00fcnk\u00fc yerine yerle\u015ftirilmi\u015ftir. \u0130stanbul-Ankara aras\u0131nda tren ile seyahatleri esnas\u0131nda bu an\u0131t\u0131 g\u00f6ren Atat\u00fcrk, bundan memnun olmu\u015f ve \u0130zmit halk\u0131na te\u015fekk\u00fcr etmi\u015ftir. Atat\u00fcrk\u2019\u00fcn yolu daha sonra da defalarca \u0130zmit\u2019ten ge\u00e7mi\u015ftir.&nbsp; Cumhuriyetimizin kurucusu Mustafa Kemal Atat\u00fcrk, son yolculu\u011funa da \u0130zmit\u2019ten u\u011furlanm\u0131\u015ft\u0131r.<\/p>\n\n\n\n<p>10 Kas\u0131m 1938&#8217;de sabah saat 09.05\u2019de Dolmabah\u00e7e Saray\u0131\u2019nda vefat eden Atat\u00fcrk\u2019\u00fcn aziz naa\u015f\u0131, 19 Kas\u0131m 1938\u2019e kadar Dolmabah\u00e7e Saray\u0131\u2019nda katafalkta kalm\u0131\u015ft\u0131r. 19 Kas\u0131m sabah\u0131 08.10\u2019da cenaze namaz\u0131 k\u0131l\u0131nd\u0131ktan sonra naa\u015f Haydarpa\u015fa \u00f6n\u00fcnde demirli bulunan Yavuz gemisindeki katafalka yerle\u015ftirilmi\u015ftir. Yavuz ile yola \u00e7\u0131kan Atat\u00fcrk\u2019\u00fcn naa\u015f\u0131 onu Ankara\u2019daki ebedi istirahatg\u00e2h\u0131na g\u00f6t\u00fcrecek \u00f6zel bir trenin bekledi\u011fi \u0130zmit\u2019e g\u00f6t\u00fcr\u00fcl\u00fcr. \u0130zmitliler, ay y\u0131ld\u0131zl\u0131 T\u00fcrk bayra\u011f\u0131na sar\u0131l\u0131 tabutu g\u00f6zya\u015flar\u0131yla kar\u015f\u0131larlar ve ayn\u0131 g\u00fcn saat 22.00\u2019de Atat\u00fcrk\u2019\u00fc \u0130zmit Gar\u0131\u2019ndan Ankara\u2019ya son yolculu\u011funa u\u011furlarlar.<\/p>\n\n\n\n<p>Atat\u00fcrk\u2019\u00fcn hayat\u0131nda \u00f6nemli bir yer tutan kadim \u015fehir Kocaeli, \u015fanl\u0131 tarihimiz a\u00e7\u0131s\u0131ndan bir\u00e7ok \u00f6nemli olaya \u015fahitlik etmi\u015ftir. Belki de cumhuriyet tarihindeki en \u00f6nemli geli\u015fmelerden biri olan \u0130zmit Bas\u0131n Toplant\u0131s\u0131, bunlar\u0131n ba\u015f\u0131nda gelmektedir. Atat\u00fcrk\u2019\u00fcn ilerde kuraca\u011f\u0131 sars\u0131lmaz devletin temellerinin at\u0131ld\u0131\u011f\u0131 bu tarihi g\u00fcn, \u015fimdilerde Bas\u0131n Onur G\u00fcn\u00fc olarak kutlanmaktad\u0131r.<\/p>\n\n\n\n<figure class=\"wp-block-embed is-type-video is-provider-youtube wp-block-embed-youtube wp-embed-aspect-16-9 wp-has-aspect-ratio\"><div class=\"wp-block-embed__wrapper\">\n<iframe loading=\"lazy\" title=\"Atat\u00fcrk ve Kocaeli belgeseli - 2. b\u00f6l\u00fcm\" width=\"640\" height=\"360\" src=\"https:\/\/www.youtube.com\/embed\/yiCbzhtseYI?start=4&#038;feature=oembed\" frameborder=\"0\" allow=\"accelerometer; autoplay; clipboard-write; encrypted-media; gyroscope; picture-in-picture; web-share\" referrerpolicy=\"strict-origin-when-cross-origin\" allowfullscreen><\/iframe>\n<\/div><\/figure>\n\n\n\n<hr class=\"wp-block-separator has-alpha-channel-opacity\"\/>\n\n\n\n<p><strong>1989\u2019dan G\u00fcn\u00fcm\u00fcze MARKA \u015eEH\u0130R KOCAEL\u0130\u2019N\u0130N MARKA MESLEK \u00d6RG\u00dcT\u00dc: KOCAEL\u0130 SANAY\u0130 ODASI<\/strong><\/p>\n\n\n\n<p><em>Vatanda end\u00fcstrinin geli\u015fmesini sa\u011flamay\u0131, uygar bir ulus olman\u0131n temel ta\u015f\u0131 say\u0131yoruz.<\/em><\/p>\n\n\n\n<p><em>Mustafa Kemal ATAT\u00dcRK<\/em><\/p>\n\n\n\n<p>T\u00fcrkiye Cumhuriyeti, Kurtulu\u015f Sava\u015f\u0131 sonras\u0131nda yorgun ve bitkin bir \u00fclke iken adeta k\u00fcllerinden yeniden do\u011fmas\u0131n\u0131 elbette Atat\u00fcrk\u2019\u00fcn kalk\u0131nma hamlelerine bor\u00e7ludur. Bu hamlelerin en ba\u015f\u0131nda ise hi\u00e7 \u015f\u00fcphesiz sanayile\u015fme s\u00fcreci gelir.<\/p>\n\n\n\n<p>Bitinya Krall\u0131\u011f\u0131\u2019ndan g\u00fcn\u00fcm\u00fcze bir\u00e7ok medeniyete ev sahipli\u011fi yapan Kocaeli, b\u00fcy\u00fck bir k\u00fclt\u00fcrel birikimin yan\u0131nda ticari ve sanayi geli\u015fmelerin de miras\u00e7\u0131s\u0131d\u0131r.<\/p>\n\n\n\n<p>\u0130\u015fte bu sebeple Kocaeli; bir liman kenti olmas\u0131, co\u011frafi konumu ve yeti\u015fmi\u015f insan g\u00fcc\u00fc avantajlar\u0131 ile sanayile\u015fme s\u00fcrecinin kilometre ta\u015flar\u0131ndan biridir. \u0130lk k\u00e2\u011f\u0131t fabrikas\u0131, ilk hal\u0131 fabrikas\u0131, ilk \u00e7imento fabrikas\u0131 ve daha nice fabrikalar bu topraklarda kurulmu\u015f, d\u00fcnya markas\u0131 \u00fcr\u00fcnler \u00fcretmi\u015ftir\u2026<\/p>\n\n\n\n<p>Ulusal ve uluslararas\u0131 yat\u0131r\u0131mc\u0131lar\u0131n cazibe merkezi olan, T\u00fcrkiye\u2019nin imalat sanayinin ve d\u0131\u015f ticaret hacminin hat\u0131r\u0131 say\u0131l\u0131r y\u00fczdesini b\u00fcnyesinde bar\u0131nd\u0131ran marka \u015fehir Kocaeli, \u00fclkemizin ikinci b\u00fcy\u00fck sanayi kenti payesini hakl\u0131 bir gururla elde etmi\u015ftir.<\/p>\n\n\n\n<p>Kocaeli Sanayi Odas\u0131, k\u00f6kl\u00fc bir tarihi ge\u00e7mi\u015fe sahip \u0130zmit\u2019in sembol\u00fc \u00e7\u0131narla ya\u015f\u0131tt\u0131r. Sanayicilerimizin kurdu\u011fu en eski meslek \u00f6rg\u00fctlerimizden biri olan \u0130zmit Ticaret ve Sanayi Odas\u0131, 1897 y\u0131l\u0131nda Kocaeli\u2019de kurulup faaliyet g\u00f6stermeye ba\u015flam\u0131\u015ft\u0131r. T\u00fcrkiye\u2019nin b\u00fcy\u00fcmesini ve geli\u015fmesini hedefleyerek yola \u00e7\u0131kan bu kurulu\u015f, yakla\u015f\u0131k bir as\u0131r sonra \u00fc\u00e7 tane daha ticaret ve sanayi odas\u0131n\u0131n do\u011fmas\u0131n\u0131 sa\u011flayacakt\u0131r.<\/p>\n\n\n\n<p>1989 y\u0131l\u0131nda kurulan Kocaeli Sanayi Odas\u0131, k\u00f6kl\u00fc bir tarihin miras\u00e7\u0131s\u0131 olarak yola \u00e7\u0131kt\u0131\u011f\u0131nda \u00fclkemizde sanayi k\u00fclt\u00fcr\u00fcn\u00fcn yayg\u0131nla\u015fmas\u0131 i\u00e7in \u00e7abalamay\u0131 g\u00f6rev edinmi\u015ftir.<\/p>\n\n\n\n<p>Dr. Metin Eri\u015f ba\u015fkanl\u0131\u011f\u0131ndaki 14 duayen sanayicimizin imzalar\u0131yla kurulan Kocaeli Sanayi Odas\u0131\u2019n\u0131n ilk y\u00f6netim kurulu ba\u015fkan\u0131 ise Kocaeli\u2019nin yeti\u015ftirdi\u011fi \u00f6rnek bir sanayici olan \u015eahabettin Bilgisu olacakt\u0131r. \u015eahabettin Bilgisu\u2019nun \u00e7evre bilincini b\u00f6lgeye ilk yerle\u015ftiren ki\u015fi olmas\u0131 dolay\u0131s\u0131yla Kocaeli Sanayi Odas\u0131 taraf\u0131ndan verilen \u00e7evre \u00f6d\u00fcllerine onun ismi verilmi\u015ftir. \u015eahabettin Bilgisu \u00c7evre \u00d6d\u00fclleri, \u201ctemiz \u00fcretim, g\u00fc\u00e7l\u00fc sanayi\u201d mottosuyla her yer verilmeye devam etmektedir.<\/p>\n\n\n\n<p>B\u00f6lgedeki sanayinin h\u0131zl\u0131 ve d\u00fczensiz kurulmas\u0131n\u0131n \u00e7evre sorunlar\u0131n\u0131 beraberinde getirmesi \u00fczerine Kocaeli Sanayi Odas\u0131, bu konuda \u00e7al\u0131\u015fmalar yapmaya ba\u015flar. Bu anlamda ilk ad\u0131m Gebze Organize Sanayi B\u00f6lgesi olur. Onun a\u00e7t\u0131\u011f\u0131 yol, di\u011fer organize sanayi b\u00f6lgelerinin kurulmas\u0131n\u0131 kolayla\u015ft\u0131r\u0131r.<\/p>\n\n\n\n<p>Bug\u00fcn bilim, teknoloji ve sanayide marka \u015fehir Kocaeli\u2019de bulunan Bili\u015fim Vadisi, teknoparklar ve \u00e7ok say\u0131da organize sanayi b\u00f6lgesinin kurulmas\u0131nda Kocaeli Sanayi Odas\u0131\u2019n\u0131n imzas\u0131 vard\u0131r.<\/p>\n\n\n\n<p>Kuruldu\u011fu g\u00fcnden bug\u00fcne T\u00fcrkiye\u2019de hep ilkleri ger\u00e7ekle\u015ftiren Kocaeli Sanayi Odas\u0131, hem Kocaeli halk\u0131n\u0131n hem de sanayisinin su ihtiyac\u0131 nedeniyle Yuvac\u0131k Baraj\u0131\u2019n\u0131n yap\u0131lmas\u0131na destek vermi\u015ftir.<\/p>\n\n\n\n<p>Kurulu\u015funda g\u00f6rev ald\u0131\u011f\u0131 Kocaeli Sanayi Odas\u0131\u2019n\u0131n ba\u015fkanl\u0131\u011f\u0131na 2009 y\u0131l\u0131nda se\u00e7ilen Ayhan Zeytino\u011flu, o g\u00fcnden bug\u00fcne g\u00f6revini ayn\u0131 inan\u00e7la s\u00fcrd\u00fcrmektedir.<\/p>\n\n\n\n<p>D\u00fcnya markalar\u0131n\u0131n \u00fcretildi\u011fi marka \u015fehir Kocaeli\u2019nin bir d\u00fcnya markas\u0131 Kocaeli Sanayi Odas\u0131, 127 y\u0131ll\u0131k k\u00f6kl\u00fc miras\u0131 ve 35 y\u0131ll\u0131k ge\u00e7mi\u015f deneyimi ile Kocaeli\u2019nin ve \u00fclkemizin ekonomisinde s\u00f6z sahibi olarak sanayicimizi ba\u015far\u0131 ile temsil ediyor.<\/p>\n\n\n\n<p>Kocaeli Sanayi Odas\u0131, 1989\u2019dan g\u00fcn\u00fcm\u00fcze d\u00fcnya markalar\u0131n\u0131n \u00fcretildi\u011fi marka \u015fehir Kocaeli\u2019nin marka meslek \u00f6rg\u00fct\u00fc olarak sanayicilerimize hizmet etmeye devam ediyor.<\/p>\n\n\n\n<figure class=\"wp-block-embed is-type-video is-provider-youtube wp-block-embed-youtube wp-embed-aspect-16-9 wp-has-aspect-ratio\"><div class=\"wp-block-embed__wrapper\">\n<iframe loading=\"lazy\" title=\"Kocaeli Sanayi Odas\u0131 Tarihi belgeseli  - 3. b\u00f6l\u00fcm\" width=\"640\" height=\"360\" src=\"https:\/\/www.youtube.com\/embed\/K-xDK8AncPY?start=4&#038;feature=oembed\" frameborder=\"0\" allow=\"accelerometer; autoplay; clipboard-write; encrypted-media; gyroscope; picture-in-picture; web-share\" referrerpolicy=\"strict-origin-when-cross-origin\" allowfullscreen><\/iframe>\n<\/div><\/figure>\n","protected":false},"excerpt":{"rendered":"<p>Cumhuriyetin Kurulu\u015funun 100. Y\u0131l\u0131 An\u0131s\u0131na Kocaeli Sanayi Odas\u0131 Sunar KOCAEL\u0130 SANAY\u0130 TAR\u0130H\u0130 \u201cEnd\u00fcstrile\u015fmek, en b\u00fcy\u00fck mill\u00ee davalar\u0131m\u0131z aras\u0131nda yer almaktad\u0131r. \u00c7al\u0131\u015fmas\u0131 ve ya\u015famas\u0131 i\u00e7in ekonomik elemanlar\u0131 memleketimizde mevcut olan b\u00fcy\u00fck, k\u00fc\u00e7\u00fck her \u00e7e\u015fit sanayi kuraca\u011f\u0131z ve i\u015fletece\u011fiz.\u201d Mustafa Kemal ATAT\u00dcRK K\u00fclt\u00fcr ve turizmde \u00f6nc\u00fc bir \u015fehir olan Kocaeli, geli\u015fip g\u00fc\u00e7lenmesini k\u00f6kl\u00fc tarihsel ge\u00e7mi\u015fi kadar \u00f6rnek [&hellip;]<\/p>\n","protected":false},"author":1,"featured_media":374,"comment_status":"open","ping_status":"open","sticky":false,"template":"","format":"standard","meta":{"footnotes":""},"categories":[6],"tags":[],"class_list":["post-373","post","type-post","status-publish","format-standard","has-post-thumbnail","hentry","category-belgeseller"],"_links":{"self":[{"href":"https:\/\/www.avrasyagazetecilerdernegi.com\/index.php\/wp-json\/wp\/v2\/posts\/373","targetHints":{"allow":["GET"]}}],"collection":[{"href":"https:\/\/www.avrasyagazetecilerdernegi.com\/index.php\/wp-json\/wp\/v2\/posts"}],"about":[{"href":"https:\/\/www.avrasyagazetecilerdernegi.com\/index.php\/wp-json\/wp\/v2\/types\/post"}],"author":[{"embeddable":true,"href":"https:\/\/www.avrasyagazetecilerdernegi.com\/index.php\/wp-json\/wp\/v2\/users\/1"}],"replies":[{"embeddable":true,"href":"https:\/\/www.avrasyagazetecilerdernegi.com\/index.php\/wp-json\/wp\/v2\/comments?post=373"}],"version-history":[{"count":1,"href":"https:\/\/www.avrasyagazetecilerdernegi.com\/index.php\/wp-json\/wp\/v2\/posts\/373\/revisions"}],"predecessor-version":[{"id":375,"href":"https:\/\/www.avrasyagazetecilerdernegi.com\/index.php\/wp-json\/wp\/v2\/posts\/373\/revisions\/375"}],"wp:featuredmedia":[{"embeddable":true,"href":"https:\/\/www.avrasyagazetecilerdernegi.com\/index.php\/wp-json\/wp\/v2\/media\/374"}],"wp:attachment":[{"href":"https:\/\/www.avrasyagazetecilerdernegi.com\/index.php\/wp-json\/wp\/v2\/media?parent=373"}],"wp:term":[{"taxonomy":"category","embeddable":true,"href":"https:\/\/www.avrasyagazetecilerdernegi.com\/index.php\/wp-json\/wp\/v2\/categories?post=373"},{"taxonomy":"post_tag","embeddable":true,"href":"https:\/\/www.avrasyagazetecilerdernegi.com\/index.php\/wp-json\/wp\/v2\/tags?post=373"}],"curies":[{"name":"wp","href":"https:\/\/api.w.org\/{rel}","templated":true}]}}