{"id":382,"date":"2025-03-25T12:45:51","date_gmt":"2025-03-25T12:45:51","guid":{"rendered":"https:\/\/www.avrasyagazetecilerdernegi.com\/?p=382"},"modified":"2025-03-25T12:45:51","modified_gmt":"2025-03-25T12:45:51","slug":"gebze-bilisim-vadisinde-sanayi-bakani-ile-belgesel-soylesi-yaptik","status":"publish","type":"post","link":"https:\/\/www.avrasyagazetecilerdernegi.com\/index.php\/2025\/03\/25\/gebze-bilisim-vadisinde-sanayi-bakani-ile-belgesel-soylesi-yaptik\/","title":{"rendered":"GEBZE B\u0130L\u0130\u015e\u0130M VAD\u0130S\u0130&#8217;NDE SANAY\u0130 BAKANI \u0130LE BELGESEL S\u00d6YLE\u015e\u0130 YAPTIK"},"content":{"rendered":"\n<figure class=\"wp-block-image size-full\"><img decoding=\"async\" src=\"https:\/\/www.kocaeliarsivi.com\/wp-content\/uploads\/2024\/07\/421905993_2760488284105761_3852892610546618039_n.jpg\" alt=\"\" class=\"wp-image-417\"\/><\/figure>\n\n\n\n<p>T\u00dcRK\u0130YE&#8217;N\u0130N MARKA DE\u011eERLER\u0130NDEN GEBZE MUALL\u0130MK\u00d6Y B\u0130L\u0130\u015e\u0130M VAD\u0130S\u0130&#8217;NDEN HER G\u00dcN TGRT BELGESEL TV&#8217;DE YAYINLANAN DEVR\u0130 ALEM PROGRAMI OLARAK&nbsp;<a href=\"http:\/\/www.devrialem.tv\/\" target=\"_blank\" rel=\"noreferrer noopener\">www.devrialem.tv<\/a>&nbsp;ve&nbsp;<a href=\"http:\/\/www.gebzegazetesi.com\/\" target=\"_blank\" rel=\"noreferrer noopener\">www.gebzegazetesi.com<\/a>&nbsp;CANLI YAYINDA B\u00d6LGEN\u0130N 45 YILLIK CANLI \u015eAH\u0130D\u0130 OLARAK GAZETEM\u0130Z KURUCUSU&nbsp;<a href=\"http:\/\/www.ismailkahraman.net\/\" target=\"_blank\" rel=\"noreferrer noopener\">www.ismailkahraman.net<\/a>&nbsp;B\u0130L\u0130\u015e\u0130M VAD\u0130S\u0130 \u0130LE \u0130LG\u0130L\u0130 B\u0130LG\u0130 VERD\u0130.<\/p>\n\n\n\n<p><a href=\"http:\/\/www.gebzegazetesi.com\/gebze-bilisim-vadisinde-sanayi-bakani-ile-belgesel-soylesi-yaptik-makale,5649.html\" target=\"_blank\" rel=\"noreferrer noopener\">http:\/\/www.gebzegazetesi.com\/gebze-bilisim-vadisinde-sanayi-bakani-ile-belgesel-soylesi-yaptik-makale,5649.html<\/a><\/p>\n\n\n\n<p>GEBZE GAZETES\u0130 OLARAK BA\u015eTA SANAY\u0130 VE TEKNOLOJ\u0130 BAKANI MEHMET FAT\u0130H KA\u00c7IR OLMAK \u00dcZERE TOPLANTIDA YAPILAN KONU\u015eMALARI CANLI YAYINLAYARAK B\u0130L\u0130\u015e\u0130M VAD\u0130S\u0130&#8217;NDE SANAY\u0130 VE TEKNOLOJ\u0130 BAKANI FAT\u0130H KACIR \u0130LE KOCAEL\u0130YE SANAY\u0130 M\u00dcZES\u0130 KURULMASI \u0130LE \u0130LG\u0130L\u0130 BELGESEL S\u00d6YLE\u015e\u0130 YAPTIK.<\/p>\n\n\n\n<p>SANAY\u0130 BAKANINDAN \u201cKOCAEL\u0130 SANAY\u0130 VE TEKNOLOJ\u0130 TAR\u0130H\u0130 M\u00dcZES\u0130&#8221; KURULMASINI \u0130STED\u0130K.<\/p>\n\n\n\n<p>B\u0130L\u0130\u015e\u0130M VAD\u0130S\u0130&#8217;NDE SANAY\u0130 VE. TEKNOLOJ\u0130 BAKANI MEHMET FAT\u0130H KACIR \u0130LE KOCAEL\u0130&#8217;YE SANAY\u0130 VE TEKNOLOJ\u0130 TAR\u0130H\u0130 M\u00dcZES\u0130 KURULMASINI \u0130STEY\u0130P TGRT BELGESEL TV&#8217;DE HER G\u00dcN \u00dc\u00c7 KEZ YAYINLANAN DEVR\u0130 ALEM BELGESEL PROGRAMI&nbsp;<a href=\"http:\/\/www.devrialem.tv\/\" target=\"_blank\" rel=\"noreferrer noopener\">www.devrialem.tv<\/a>&nbsp;OLARAK BELGESEL S\u00d6YLE\u015e\u0130 GER\u00c7EKLE\u015eT\u0130RD\u0130K.<\/p>\n\n\n\n<p><a href=\"https:\/\/www.facebook.com\/share\/p\/LyN3UtrqogMuVLUU\/?mibextid=WC7FNe\">https:\/\/www.facebook.com\/share\/p\/LyN3UtrqogMuVLUU\/?mibextid=WC7FNe<\/a><\/p>\n\n\n\n<p>BAKAN VE BA\u015eKAN TAH\u0130R HOCAYA TE\u015eEKK\u00dcR<\/p>\n\n\n\n<p>Say\u0131n bakana bizi tan\u0131tan ve belgesel KOCAEL\u0130 SANAY\u0130 VE TEKNOLOJ\u0130 TAR\u0130H\u0130 M\u00dcZES\u0130 KURULMASI ile ilgili belgesel s\u00f6yle\u015finin ger\u00e7ekle\u015fmesine imkan sa\u011flayan Kocaeli B\u00fcy\u00fck\u015fehir belediye ba\u015fkan\u0131m\u0131z Sn Do\u00e7. Dr. Tahir B\u00fcy\u00fckak\u0131n&#8217;a te\u015fekk\u00fcr ediyor, Kocaeli Sanayi Tarihi Belgeselimiz ile sizleri ba\u015f ba\u015fa b\u0131rak\u0131yoruz Belgesel tad\u0131nda siz de\u011ferli t\u00fcm arkada\u015flar\u0131ma selam olsun.<\/p>\n\n\n\n<p>KOCAEL\u0130 SANAY\u0130 TAR\u0130H\u0130 BELGESEL\u0130<\/p>\n\n\n\n<figure class=\"wp-block-embed is-type-video is-provider-youtube wp-block-embed-youtube wp-embed-aspect-16-9 wp-has-aspect-ratio\"><div class=\"wp-block-embed__wrapper\">\n<iframe loading=\"lazy\" title=\"Kocaeli Sanayi Tarihi\" width=\"640\" height=\"360\" src=\"https:\/\/www.youtube.com\/embed\/8xjwlBrvMFY?feature=oembed\" frameborder=\"0\" allow=\"accelerometer; autoplay; clipboard-write; encrypted-media; gyroscope; picture-in-picture; web-share\" referrerpolicy=\"strict-origin-when-cross-origin\" allowfullscreen><\/iframe>\n<\/div><\/figure>\n\n\n\n<p>KOCAEL\u0130 HEREKE HALI FABR\u0130KASI TAR\u0130H\u0130<\/p>\n\n\n\n<figure class=\"wp-block-embed is-type-video is-provider-youtube wp-block-embed-youtube wp-embed-aspect-16-9 wp-has-aspect-ratio\"><div class=\"wp-block-embed__wrapper\">\n<iframe loading=\"lazy\" title=\"Kocaeli Hereke Hal\u0131s\u0131 ve Sanayi Tarihi\" width=\"640\" height=\"360\" src=\"https:\/\/www.youtube.com\/embed\/1T-5sP4XVzk?feature=oembed\" frameborder=\"0\" allow=\"accelerometer; autoplay; clipboard-write; encrypted-media; gyroscope; picture-in-picture; web-share\" referrerpolicy=\"strict-origin-when-cross-origin\" allowfullscreen><\/iframe>\n<\/div><\/figure>\n\n\n\n<p>B\u0130L\u0130\u015e\u0130M VAD\u0130S\u0130N\u0130N 45 YILLIK CANLI \u015eAH\u0130D\u0130 OLARAK CANLI YAYIN<\/p>\n\n\n\n<p><a href=\"https:\/\/www.facebook.com\/share\/v\/uR2Gg2A92Xn5FaAa\/?mibextid=WC7FNe\">https:\/\/www.facebook.com\/share\/v\/uR2Gg2A92Xn5FaAa\/?mibextid=WC7FNe<\/a><\/p>\n\n\n\n<p>SANAY\u0130 VE TEKNOLOJ\u0130 BAKANI FAT\u0130H KACIRIN KONU\u015eMASINI CANLI YAYINLADIK.<\/p>\n\n\n\n<p>AN \u0130T\u0130BAR\u0130 \u0130LE 27 OCAK 2024 GAZETEC\u0130 VE BELGESELC\u0130 OLARAK KOCAEL\u0130 GEBZE B\u0130L\u0130\u015e\u0130M VAD\u0130S\u0130&#8217;NDE&nbsp;<a href=\"http:\/\/www.devrialem.tv\/\" target=\"_blank\" rel=\"noreferrer noopener\">www.devrialem.tv<\/a>&nbsp;ve&nbsp;<a href=\"http:\/\/www.gebzegazetesi.com\/\" target=\"_blank\" rel=\"noreferrer noopener\">www.gebzegazetesi.com<\/a>&nbsp;CANLI YAYINDA SANAYI VE TEKNOLOJ\u0130 BAKANI MEHMET FAT\u0130H KA\u00c7IR&#8217;IN B\u0130LG\u0130 VERD\u0130\u011e\u0130 TOPLANTIYI TAK\u0130P ED\u0130P BELGESELLE\u015eT\u0130R\u0130YORUZ.<\/p>\n\n\n\n<p><a href=\"https:\/\/www.facebook.com\/share\/v\/c7S5DCK6mSzjX6z4\/?mibextid=WC7FNe\">https:\/\/www.facebook.com\/share\/v\/c7S5DCK6mSzjX6z4\/?mibextid=WC7FNe<\/a><\/p>\n\n\n\n<p>DEPREM FELAKET\u0130N DE SA\u011eLIK H\u0130ZMETLER\u0130 YETERL\u0130M\u0130<\/p>\n\n\n\n<p>T\u00dcRK\u0130YE SA\u011eLIK PLATFORMU Z\u0130RVES\u0130 GEBZE MUALL\u0130MK\u00d6Y B\u0130L\u0130\u015e\u0130M VAD\u0130S\u0130NDE TOPLANDI<\/p>\n\n\n\n<p>SA\u011eLIK PLATFORMU Z\u0130RVES\u0130NDE 6 \u015eUBAT KAHRAMAN MARA\u015e DEPREM\u0130NNDE SA\u011eLIK H\u0130ZMETLER\u0130 HAKKINDA YAPILAN ARA\u015eTIRMA \u0130LE \u0130LG\u0130L\u0130 KONU\u015eMA&nbsp;<a href=\"http:\/\/www.gebzegazetesi.com\/\" target=\"_blank\" rel=\"noreferrer noopener\">www.gebzegazetesi.com<\/a>&nbsp;DA CANLI YAYINLANIYOR<\/p>\n\n\n\n<p><a href=\"https:\/\/www.facebook.com\/share\/v\/V3jAUT9nqPUUHNkk\/?mibextid=WC7FNe\">https:\/\/www.facebook.com\/share\/v\/V3jAUT9nqPUUHNkk\/?mibextid=WC7FNe<\/a><\/p>\n\n\n\n<p>YERL\u0130 OTOMOB\u0130L TOGG YETK\u0130L\u0130S\u0130 KONU\u015eUYOR<\/p>\n\n\n\n<p>KOCAEL\u0130 GEBZE B\u0130L\u0130\u015e\u0130M VAD\u0130S\u0130NDE TOGG OTOMOT\u0130V S\u0130YOSU NUN KONU\u015eMASI&nbsp;<a href=\"http:\/\/www.devrialem.tv\/\" target=\"_blank\" rel=\"noreferrer noopener\">www.devrialem.tv<\/a>&nbsp;ve&nbsp;<a href=\"http:\/\/www.gebzegazetesi.com\/\" target=\"_blank\" rel=\"noreferrer noopener\">www.gebzegazetesi.com<\/a>&nbsp;DA CANLI YAYINLANIYOR<\/p>\n\n\n\n<p><a href=\"https:\/\/www.facebook.com\/share\/v\/CjPzBseafkt1jCP8\/?mibextid=WC7FNe\">https:\/\/www.facebook.com\/share\/v\/CjPzBseafkt1jCP8\/?mibextid=WC7FNe<\/a><\/p>\n\n\n\n<p>TOGG VE B\u0130L\u0130\u015e\u0130M VAD\u0130S\u0130 \u0130LE \u0130LG\u0130L\u0130 AYRINTILI B\u0130LG\u0130 \u0130\u00c7\u0130N<\/p>\n\n\n\n<p><a href=\"https:\/\/bilisimvadisi.com.tr\/member\/togg\">https:\/\/bilisimvadisi.com.tr\/member\/togg<\/a><\/p>\n\n\n\n<p>SOSYAL MEDYA DA YAPTI\u011eIM PAYLA\u015eIM<\/p>\n\n\n\n<p>KOCAEL\u0130 GEBZE MUALL\u0130M K\u00d6Y B\u0130L\u0130\u015e\u0130M VAD\u0130S\u0130NDEN YAPTI\u011eIM SOSYAL MEDYA PAYLA\u015eIMIM<\/p>\n\n\n\n<p><a href=\"https:\/\/www.facebook.com\/share\/v\/CjPzBseafkt1jCP8\/?mibextid=WC7FNe\">https:\/\/www.facebook.com\/share\/v\/CjPzBseafkt1jCP8\/?mibextid=WC7FNe<\/a><\/p>\n\n\n\n<figure class=\"wp-block-image\"><img decoding=\"async\" src=\"https:\/\/www.gebzegazetesi.com\/images\/upload\/421946767_2760488180772438_2738175741654195753_n.jpg\" alt=\"\"\/><\/figure>\n\n\n\n<p>B\u0130L\u0130\u015e\u0130M VAD\u0130S\u0130NDE YAPILAN TOPLANTI \u0130LE \u0130LG\u0130L\u0130 KOCAEL\u0130 VAL\u0130\u011e\u0130 TARAFINDAN YAPILAN BASIN A\u00c7IKLAMASI<\/p>\n\n\n\n<p>\u201cSa\u011fl\u0131kta Milli Teknoloji Vizyonu\u201d g\u00fcndem maddesiyle ger\u00e7ekle\u015ftirilen 35. T\u00dcSAP Sa\u011fl\u0131k Zirvesi, g\u00fcn\u00fcn\u00fc ilimize ay\u0131ran Sanayi ve Teknoloji Bakan\u0131 Say\u0131n Mehmet Fatih Kac\u0131r\u2019\u0131n te\u015frifi ve Vali Seddar Yavuz\u2019un kat\u0131l\u0131m\u0131yla ger\u00e7ekle\u015fti.<br>Sa\u011fl\u0131k sekt\u00f6r\u00fcnde vizyon \u00e7al\u0131\u015fmalar\u0131 noktas\u0131nda isti\u015fareler yapmak ve sekt\u00f6r\u00fcn gelece\u011fini etkileyecek bilgiler ve projeler \u00fcretmek amac\u0131yla Bili\u015fim Vadisi\u2019nde ger\u00e7ekle\u015ftirilen toplant\u0131; a\u00e7\u0131l\u0131\u015f konu\u015fmalar\u0131 ile ba\u015flayarak T\u00dcSAP Vizyon Toplant\u0131lar\u0131n\u0131n \u00f6zet sunumunun yap\u0131lmas\u0131 ile devam etti.<\/p>\n\n\n\n<p>A\u00e7\u0131l\u0131\u015f konu\u015fmalar\u0131n\u0131; T\u00dcSAP Y\u00fcr\u00fctme Kurulu Ba\u015fkan\u0131 Prof. Dr. Sabahattin Ayd\u0131n ile TOGG CEO\u2019su Mehmet G\u00fcrcan Karaka\u015f yaparken sunum e\u015fli\u011finde de\u011ferlendirme konu\u015fmas\u0131n\u0131 ise Sa\u011fl\u0131k Bakanl\u0131\u011f\u0131 Bakan Yard\u0131mc\u0131s\u0131 Do\u00e7. Dr. \u015euayip Birinci ger\u00e7ekle\u015ftirdi.<\/p>\n\n\n\n<p>Yap\u0131lan sunum ve konu\u015fmalar\u0131n ard\u0131ndan Sanayi ve Teknoloji Bakan\u0131 Say\u0131n Mehmet Fatih Kac\u0131r, salonda bulunan davetlileri selamlamayarak toplant\u0131n\u0131n hedefi ve yap\u0131lan \u00e7al\u0131\u015fmalarla ilgili bir konu\u015fma ger\u00e7ekle\u015ftirdi.<br>Yenilik\u00e7i ve Rekabet\u00e7i \u00dcretim Yapan \u00dclkeler Her Zaman Kazan\u0131r.<\/p>\n\n\n\n<p>Sa\u011fl\u0131k sistemini daha ileriye ta\u015f\u0131mak i\u00e7in sekt\u00f6r payda\u015flar\u0131n\u0131 bir araya getiren T\u00fcrk Sa\u011fl\u0131k Platformu\u2019na te\u015fekk\u00fcrlerini ileterek s\u00f6zlerine ba\u015flayan Bakan Kac\u0131r: \u201cSay\u0131n Cumhurba\u015fkan\u0131m\u0131z\u0131n liderli\u011finde geride b\u0131rakt\u0131\u011f\u0131m\u0131z son 22 y\u0131lda bir\u00e7ok alanda b\u00fcy\u00fck at\u0131l\u0131mlar ger\u00e7ekle\u015ftirdik. G\u00fc\u00e7l\u00fc sanayi altyap\u0131m\u0131z, firmalar\u0131m\u0131z\u0131n \u00fcretim esnekli\u011fi, nitelikli insan kayna\u011f\u0131m\u0131z ve yenilik\u00e7ili\u011fi te\u015fvik eden Ar-Ge ekosistemimizle \u00f6nemli ba\u015far\u0131lara imza att\u0131k. Vakit art\u0131k T\u00fcrkiye\u2019yi bir \u00fcst lige \u00e7\u0131karma, d\u00fcnyan\u0131n en geli\u015fmi\u015f ekonomileri aras\u0131na sokma vaktidir. Ticaret ve teknoloji sava\u015flar\u0131n\u0131n ya\u015fand\u0131\u011f\u0131 g\u00fcn\u00fcm\u00fcz d\u00fcnyas\u0131n\u0131n kazananlar\u0131; yenilik\u00e7i ve rekabet\u00e7i \u00fcretim yapan \u00fclkeler olacakt\u0131r.\u201d ifadelerini kullanarak \u00fclkemizin, Milli Teknoloji Hamlesi vizyonu ile teknolojide \u00f6nc\u00fc \u00fclkelerden biri oldu\u011funa vurgu yapt\u0131.<\/p>\n\n\n\n<p>Sa\u011fl\u0131k Sekt\u00f6r\u00fcnde de Yenilik\u00e7i Teknolojiler G\u00f6rece\u011fiz<\/p>\n\n\n\n<p>Savunma sanayiinde ger\u00e7ekle\u015ftirilen devrim niteli\u011findeki teknoloji odakl\u0131 ba\u015far\u0131lar\u0131n Sa\u011fl\u0131k sekt\u00f6r\u00fcnde de ger\u00e7ekle\u015fece\u011fine inanan Bakan Kac\u0131r konu\u015fmas\u0131nda \u015fu ifadelere yer verdi: \u201cT\u00fcm D\u00fcnya\u2019n\u0131n dile getirdi\u011fi gibi art\u0131k T\u00fcrkiye\u2019nin yerli ve milli savunma sanayii \u00fcr\u00fcnleri, d\u00fcnyada sava\u015f paradigmas\u0131n\u0131 ve jeopolitik dengeleri de\u011fi\u015ftirici unsurlard\u0131r. Savunma sanayiinde kaydetti\u011fimiz ba\u015far\u0131y\u0131 \u015fimdi sivil alanlara ta\u015f\u0131yoruz. Bunlar\u0131n ba\u015f\u0131nda teknolojik yeniliklerin ve payla\u015f\u0131m ekonomisinin y\u00fckseli\u015fini f\u0131rsata d\u00f6n\u00fc\u015ft\u00fcrmek i\u00e7in ba\u015flatt\u0131\u011f\u0131m\u0131z TOGG projesi geliyor. Sa\u011fl\u0131k sekt\u00f6r\u00fcnde de benzer ad\u0131mlar atmak istiyoruz.\u201d<\/p>\n\n\n\n<p>Bakan Kac\u0131r: Ya\u015fam \u00d6mr\u00fc Uzayan \u0130nsanlara Sunmam\u0131z Gereken \u00d6devler Var<\/p>\n\n\n\n<p>Sa\u011fl\u0131k sekt\u00f6r\u00fcndeki k\u00fcresel trendleri ve gelecekteki ihtiya\u00e7lar\u0131m\u0131z\u0131n do\u011fru tespitinin hayati \u00f6neme sahip oldu\u011funu belirten Bakan Kac\u0131r: \u201c90\u2019l\u0131 y\u0131llarda ba\u015flayan ve 13 y\u0131ll\u0131k bir s\u00fcrede 2,7 milyar dolar b\u00fct\u00e7eyle y\u00fcr\u00fct\u00fclen insan genom haritas\u0131 projesinden sonra bug\u00fcn, 600 dolar maliyetle bir g\u00fcnde gen haritam\u0131za eri\u015fmek art\u0131k m\u00fcmk\u00fcn. Ku\u015fkusuz bu d\u00f6n\u00fc\u015f\u00fcm sa\u011fl\u0131kta yenilik\u00e7i teknolojilerin ve ki\u015fiselle\u015ftirilmi\u015f t\u0131p uygulamalar\u0131n\u0131n kap\u0131s\u0131n\u0131 aral\u0131yor. Art\u0131k \u00f6n\u00fcm\u00fczde ya\u015fam \u00f6mr\u00fc uzayan insanlara sunmam\u0131z gereken sa\u011fl\u0131k hizmetleri \u00f6devlerimiz var. Ayn\u0131 zamanda bula\u015f\u0131c\u0131 hastal\u0131klardan ziyade, kalp hastal\u0131klar\u0131 ve diyabet gibi kronik rahats\u0131zl\u0131klar \u00f6n plana \u00e7\u0131k\u0131yor. 2022 y\u0131l\u0131nda y\u00fcr\u00fcrl\u00fc\u011fe ald\u0131\u011f\u0131m\u0131z Ak\u0131ll\u0131 Ya\u015fam ve Sa\u011fl\u0131k \u00dcr\u00fcn ve Teknolojileri Yol Haritas\u0131 ile \u00fclkemizde ve d\u00fcnyadaki mevcut durumu analiz ederek ihtiya\u00e7lar\u0131m\u0131z\u0131 ortaya koyduk. Sa\u011fl\u0131k sekt\u00f6r\u00fcndeki d\u00f6n\u00fc\u015f\u00fcme \u00fclkemizin uyumunu kolayla\u015ft\u0131rmak amac\u0131yla stratejik hedefler ile kritik politika ve proje \u00f6nerileri belirledik.\u201d<\/p>\n\n\n\n<p>Teknoloji Odakl\u0131 Sanayi Hamlesi Program\u0131 ile 56 Yat\u0131r\u0131m<\/p>\n\n\n\n<p>Kritik ve stratejik olarak belirledi\u011fimiz ila\u00e7, t\u0131bbi cihaz ve sa\u011fl\u0131k bili\u015fim teknolojilerinde yerlile\u015ftirme hamlesini h\u0131zland\u0131rd\u0131klar\u0131n\u0131 s\u00f6yleyen Bakan Kac\u0131r: \u201cSadece 2023 y\u0131l\u0131nda sa\u011fl\u0131k sekt\u00f6r\u00fcnde 315 yat\u0131r\u0131ma te\u015fvik belgesi d\u00fczenleyerek 55 milyar liradan fazla yat\u0131r\u0131m\u0131 harekete ge\u00e7irdik ve yakla\u015f\u0131k 9 bin nitelikli istihdam\u0131n \u00f6n\u00fcn\u00fc a\u00e7t\u0131k. Katma de\u011ferli \u00fcretimi te\u015fvik etmek ve cari a\u00e7\u0131\u011f\u0131 azaltmak \u00fczere hayata ge\u00e7irdi\u011fimiz Teknoloji Odakl\u0131 Sanayi Hamlesi Program\u0131 kapsam\u0131nda; biyobenzer ila\u00e7lardan kanser ve otoimm\u00fcn ila\u00e7lara, ortopedik cihazlar ve protezlerden yenilik\u00e7i e\u015fde\u011fer ila\u00e7lara kadar toplam b\u00fcy\u00fckl\u00fc\u011f\u00fc 22 milyar\u0131 ge\u00e7en 56 yat\u0131r\u0131m projesini destekliyoruz.\u201d<\/p>\n\n\n\n<p>68 Ar-Ge Merkezinde 2 Bine Yak\u0131n Ara\u015ft\u0131rma Projesi<\/p>\n\n\n\n<p>Bakan Kac\u0131r, yat\u0131r\u0131mc\u0131lar\u0131n uzun vadeli ve uygun ko\u015fullarda yat\u0131r\u0131m kredisine eri\u015fimini kolayla\u015ft\u0131racak \u2018Yat\u0131r\u0131m Taahh\u00fctl\u00fc Avans Kredisi\u2019 program\u0131 kapsam\u0131nda, sa\u011fl\u0131kta katma de\u011ferli \u00fcretim kabiliyetlerinin g\u00fc\u00e7lendirildi\u011fini ifade etti ve \u201cBug\u00fcne kadar sa\u011fl\u0131k alan\u0131nda 11 b\u00fcy\u00fck \u00f6l\u00e7ekli yat\u0131r\u0131m projesi i\u00e7in ba\u015fvuru ald\u0131k. Tabi sa\u011fl\u0131kta g\u00fc\u00e7l\u00fc bir \u00fcretim altyap\u0131s\u0131n\u0131n olmazsa olmaz\u0131 Ar-Ge ve inovasyon yetkinli\u011fi. \u0130la\u00e7, t\u0131bbi cihaz ve medikal sekt\u00f6r\u00fc ba\u015fta olmak \u00fczere sa\u011fl\u0131k alan\u0131nda faaliyet g\u00f6steren \u00f6nc\u00fc firmalar\u0131m\u0131z b\u00fcnyesinde yer alan 68 Ar-Ge merkezinde 2 bine yak\u0131n ara\u015ft\u0131rma projesi y\u00fcr\u00fct\u00fcyoruz.\u201d dedi.<\/p>\n\n\n\n<p>Bug\u00fcne kadar teknoparklarda 2 binden fazla teknoloji giri\u015fiminin sa\u011fl\u0131k teknolojileri alan\u0131ndaki 15 binden fazla projesine destek verdiklerini a\u00e7\u0131klayan ve T\u00dcB\u0130TAK destek programlar\u0131 ile \u00e7al\u0131\u015fmalara \u00f6nc\u00fcl\u00fck edildi\u011fini s\u00f6yleyen Say\u0131n Bakan: \u201cBurs ve destek programlar\u0131 kapsam\u0131nda son 22 y\u0131lda Sa\u011fl\u0131k alan\u0131nda 9 binden fazla projeye ve 15 binden fazla ki\u015fiye toplam 40 milyar lira destek sa\u011flad\u0131k. \u00dclkemizin sa\u011fl\u0131k sekt\u00f6r\u00fcnde ger\u00e7ekle\u015ftirdi\u011fi bilim ve teknoloji alan\u0131ndaki geli\u015fmeler sadece d\u00fcnyam\u0131zla s\u0131n\u0131rl\u0131 kalm\u0131yor. Biliyorsunuz ge\u00e7en haftalarda ilk T\u00fcrk Astronotumuzu bir bilim misyonu kapsam\u0131nda uzaya g\u00f6nderdik. Uzayda ger\u00e7ekle\u015ftirdi\u011fimiz deneylerle, mikrogravite ortam\u0131n\u0131n sundu\u011fu benzersiz ko\u015fullar\u0131 kullanarak, t\u0131p ve m\u00fchendislik alan\u0131nda \u00e7\u0131\u011f\u0131r a\u00e7an ara\u015ft\u0131rmalara imza at\u0131yoruz.\u201d dedi.<\/p>\n\n\n\n<p>Alper Gezeravc\u0131 ve \u00c7al\u0131\u015fmalar\u0131 Milli Teknoloji Hamlesi Yolculu\u011funda Yeni Bir Milat<\/p>\n\n\n\n<p>Say\u0131n Bakan, T\u00fcrkiye&#8217;nin ilk astronotu Alper Gezeravc\u0131\u2019n\u0131n Uluslararas\u0131 Uzay \u0130stasyonu&#8217;nda T\u00fcrkiye&#8217;nin ilk uzay bilim ara\u015ft\u0131rmalar\u0131n\u0131n bu sayede ger\u00e7ekle\u015ftirdi\u011fini vurgulayarak, \u015f\u00f6yle konu\u015ftu: \u201cBildi\u011finiz gibi ge\u00e7ti\u011fimiz hafta ilk T\u00fcrk astronotumuzu bir bilim misyonu kapsam\u0131nda Uluslararas\u0131 Uzay \u0130stasyonu&#8217;na g\u00f6nderdik. T\u00fcrkiye&#8217;nin ilk astronotu Alper Gezeravc\u0131, halihaz\u0131rda Uluslararas\u0131 Uzay \u0130stasyonu&#8217;nda T\u00fcrkiye&#8217;nin ilk uzay bilim misyonunu ger\u00e7ekle\u015ftiriyor. Uzayda ger\u00e7ekle\u015ftirdi\u011fimiz deneylerle mikro yer\u00e7ekimi ortam\u0131n\u0131n sundu\u011fu benzersiz ko\u015fullar\u0131 de\u011ferlendirerek t\u0131p ve m\u00fchendislik alanlar\u0131nda \u00e7\u0131\u011f\u0131r a\u00e7an ara\u015ft\u0131rmalara imza at\u0131yor. Mikro alglerin oksijen \u00fcretme ve karbondioksit yakalama kabiliyetlerini analiz ederek, gelecekte d\u00fcnyan\u0131n \u00f6tesinde ya\u015fam alanlar\u0131na, ya\u015fam olanaklar\u0131na ili\u015fkin destek sistemlerinde kullan\u0131lma potansiyellerini inceliyoruz. Kanser ve kronik hastal\u0131klarda ba\u011f\u0131\u015f\u0131kl\u0131k sistemini bask\u0131layan h\u00fccrelerin uzaydaki davran\u0131\u015flar\u0131n\u0131 inceleyerek yeni tedavi y\u00f6ntemleri i\u00e7in kap\u0131 aral\u0131yoruz.\u201d<\/p>\n\n\n\n<p>\u201cBug\u00fcn Tohumlar\u0131 At\u0131lan Projelerle \u00dclkemizden K\u00fcresel Markalar Ortaya \u00c7\u0131kacak\u201d<\/p>\n\n\n\n<p>Toplumun bir bilimsel \u00e7al\u0131\u015fmay\u0131 bu kadar yak\u0131ndan takip ediyor ve sahipleniyor olmas\u0131 a\u00e7\u0131s\u0131ndan da \u00e7ok mutlu oldu\u011funu dile getiren Bakan Kac\u0131r \u015funlar\u0131 ekledi: \u201cBug\u00fcn T\u00fcrkiye&#8217;de 7&#8217;den 77&#8217;ye herkesin g\u00f6z\u00fc uzayda, Uluslararas\u0131 Uzay \u0130stasyonu&#8217;nda bir bilim misyonu icra eden ilk T\u00fcrk astronotunda. \u00c7ok k\u00fc\u00e7\u00fck ya\u015flardaki \u00e7ocuklar\u0131m\u0131z, \u00f6\u011frencilerimiz dahi bu misyonun b\u00fct\u00fcn ad\u0131mlar\u0131n\u0131 belki bizlerden daha yak\u0131ndan takip ediyor, izliyor, g\u00f6zlemliyor. Hayallerine, umutlar\u0131na bir hudut \u00e7izilmeyece\u011fini, asl\u0131nda onlar\u0131n bu misyona y\u00f6nelik sahiplenmeleri ve bu misyonla birlikte duyduklar\u0131 heyecan ve co\u015fku en a\u00e7\u0131k \u015fekilde ifade ediyor. Ben inan\u0131yorum ki bu misyon T\u00fcrkiye&#8217;nin bir bilim toplumuna d\u00f6n\u00fc\u015fmesi, bilimi ve teknolojiyi, T\u00fcrkiye&#8217;nin gelece\u011fini ayd\u0131nlatmada en k\u0131ymetli unsurlar olarak g\u00f6rmemiz, milli teknoloji hamlesi yolculu\u011funa daha g\u00fc\u00e7l\u00fc \u015fekilde sahip \u00e7\u0131kmam\u0131z i\u00e7in yeni bir ba\u015flang\u0131\u00e7, yeni bir milat olacak.&#8221;<\/p>\n\n\n\n<p>\u201cBug\u00fcn tohumlar\u0131n\u0131 att\u0131\u011f\u0131m\u0131z projelere ve yat\u0131r\u0131mlara ayn\u0131 ivmeyle devam etti\u011fimiz, birlikte i\u015f yapabilme kabiliyetimizi her g\u00fcn daha da ileriye ta\u015f\u0131maya devam etti\u011fimiz, \u015firketlerimizi daha zor hedeflere s\u0131\u00e7ratacak kamu politikalar\u0131n\u0131 ortaya koydu\u011fumuz takdirde ben inan\u0131yorum ki \u00dclkemizden k\u00fcresel markalar, milyar dolar de\u011feri a\u015fan teknoloji giri\u015fimleri \u00e7\u0131kacak.\u201d diyen Bakan Kac\u0131r te\u015fekk\u00fcrlerini ve tebriklerini ileterek konu\u015fmas\u0131n\u0131 sonland\u0131rd\u0131.<\/p>\n\n\n\n<p>Program; yap\u0131lan de\u011ferlendirme ve g\u00f6r\u00fc\u015flerin ard\u0131ndan toplu hat\u0131ra foto\u011fraf\u0131 \u00e7ekimi ile sonland\u0131. Sanayi ve Teknoloji Bakan\u0131 Mehmet Fatih Kac\u0131r, Vali Seddar Yavuz ve protokol \u00fcyeleri bir sonraki program olan 9. Verimlilik Proje \u00d6d\u00fclleri T\u00f6renine ge\u00e7tiler.<br>Sa\u011fl\u0131kta Milli Teknoloji Vizyon toplant\u0131s\u0131na, Sanayi ve Teknoloji Bakan\u0131 Mehmet Fatih Kac\u0131r ve Vali Seddar Yavuz\u2019un yan\u0131 s\u0131ra; Sa\u011fl\u0131k Bakanl\u0131\u011f\u0131 Bakan Yard\u0131mc\u0131s\u0131 Do\u00e7. Dr. \u015euayip Birinci, Cumhurba\u015fkanl\u0131\u011f\u0131 Bili\u015fim Teknoloji ve Yenilik Politikalar\u0131 Kurulu \u00dcyesi Dr. Osman Co\u015fkun, Cumhurba\u015fkanl\u0131\u011f\u0131 Sa\u011fl\u0131k ve G\u0131da Politikalar\u0131 Kurul \u00dcyeleri; Dr. Z\u00fclfiye F\u00fcsun K\u00fcmet ve Dr. H\u00fcsniye Erdo\u011fan, Sa\u011fl\u0131k Bakanl\u0131\u011f\u0131 Halk Sa\u011fl\u0131\u011f\u0131 Genel M\u00fcd\u00fcr\u00fc Prof. Dr. Sedat Kaygusuz, Kocaeli B\u00fcy\u00fck\u015fehir Belediye Ba\u015fkan\u0131 Do\u00e7. Dr. Tahir B\u00fcy\u00fckak\u0131n, \u00fcniversitelerin rekt\u00f6rleri ve yetkilileri, Vali Yard\u0131mc\u0131s\u0131 Ali Ada, siyasi parti il ba\u015fkanlar\u0131, TOGG CEO\u2019su Mehmet G\u00fcrcan Karaka\u015f, Kocaeli ve \u00e7evre illerin sa\u011fl\u0131k m\u00fcd\u00fcrleri, T\u00dcSAP Y\u00fcr\u00fctme Kurulu Ba\u015fkan\u0131 Prof. Dr. Sabahattin Ayd\u0131n ve yetkilileri, ilgili kurumlar\u0131n y\u00f6neticileri ve m\u00fcd\u00fcrleri, vak\u0131f ve derneklerin ba\u015fkan ve \u00fcyeleri ile davetliler kat\u0131ld\u0131. (Haber kayna\u011f\u0131 Kocaeli valili\u011fi bas\u0131n m\u00fcd\u00fcrl\u00fc\u011f\u00fc)<\/p>\n\n\n\n<p>\u0130NSANLI\u011eIN GELECE\u011e\u0130 VE YAPAY ZEKA<\/p>\n\n\n\n<p>KOCAEL\u0130 GEBZE MUALL\u0130MK\u00d6Y B\u0130L\u0130\u015e\u0130M VAD\u0130S\u0130&#8217;NDE SANAY\u0130 VE TEKNOLOJ\u0130 BAKANI MEHMET FAT\u0130H KA\u00c7IR&#8217;IN KATILIMI \u0130LE D\u00dcZENLENEN T\u00dcRK\u0130YE SA\u011eLIK PLATFORMU Z\u0130RVES\u0130&#8217;NDE TGRT BELGESEL TV&#8217;DE HER G\u00dcN YAYINLANAN DEVR\u0130 ALEM PROGRAMI OLARAK PROF. DR. NEVZAT TARHAN HOCA \u0130LE YAPAY ZEKA VE \u0130NSANLI\u011eIN GELECE\u011e\u0130 KONULU BELGESEL S\u00d6YLE\u015e\u0130 YAPTIK.<\/p>\n\n\n\n<figure class=\"wp-block-embed\"><div class=\"wp-block-embed__wrapper\">\nhttps:\/\/www.facebook.com\/share\/p\/VRPYSuWSUp5qx6kt\/?mibextid=WC7FNe\n<\/div><\/figure>\n\n\n\n<p>SAYGIDE\u011eER HOCAM NEVZAT TARHAN A DEVR\u0130 ALEM BELGESEL TV PROGRAMI&nbsp;<a href=\"http:\/\/www.devrialem.tv\/\" target=\"_blank\" rel=\"noreferrer noopener\">www.devrialem.tv<\/a>&nbsp;OLARAK TE\u015eEKK\u00dcR EDER\u0130M(. Kaynak&nbsp;<a href=\"http:\/\/www.gebzegazetesi.com\/gebze-bilisim-vadisinde-sanayi-bakani-ile-belgesel-soylesi-yaptik-makale,5649.html\" target=\"_blank\" rel=\"noreferrer noopener\">http:\/\/www.gebzegazetesi.com\/gebze-bilisim-vadisinde-sanayi-bakani-ile-belgesel-soylesi-yaptik-makale,5649.html<\/a>)<\/p>\n\n\n\n<p><img loading=\"lazy\" decoding=\"async\" src=\"https:\/\/www.gebzegazetesi.com\/images\/upload\/420140545_2760488127439110_1482808024312698474_n.jpg\" width=\"700\" height=\"1084\"><\/p>\n\n\n\n<p>T\u00dcB\u0130TAK VE B\u0130L\u0130\u015e\u0130M VAD\u0130S\u0130N\u0130N TAR\u0130H\u0130N\u0130E I\u015eIK TUTAN D\u00dcNYA GAZETES\u0130NDE YAYINLANAN B\u0130R MAKALE<\/p>\n\n\n\n<p>T\u00dcB\u0130TAK-MAM, Koceli ve Bili\u015fim Vadisi<\/p>\n\n\n\n<p>Hilmi DEVEL\u0130<br>EKONOM\u0130DE SATIR ARASI<\/p>\n\n\n\n<p>09 Ekim 2014 Per\u015fembe<br>Ge\u00e7en bayramda ya\u015fad\u0131\u011f\u0131m\u0131z trafik yo\u011funlu\u011fu nedeniyle bu kez Dar\u0131ca-Bayramo\u011flu\u2019nda kalmay\u0131 ye\u011fledik. Tatilde b\u00f6lgedeki OSB\u2019lerde \u00fcretim yapan arkada\u015flar\u0131mla Ar-Ge\u2019yi konu\u015ftuk. T\u00dcB\u0130TAK-MAM\u2019\u0131, Gebze Y\u00fcksek Teknoloji Enstit\u00fcs\u00fc ile olan ili\u015fkilerini sordu\u011fumda \u201cbelki bizlerden de kaynaklan\u0131yor ili\u015fkimiz olmad\u0131\u201d yan\u0131t\u0131n\u0131 ald\u0131m. Gerek\u00e7eleri ise, \u201cAr-Ge deste\u011fi veren kurulu\u015flarda prosed\u00fcrlerinin \u00e7oklu\u011fundan\u201d, \u201cBaz\u0131 hakemlerin konuyu yak\u0131ndan izleyemedikleri i\u00e7in projelerimizi anlatmakta g\u00fc\u00e7l\u00fck \u00e7ekiyoruz\u201d gibi sorunlarla kar\u015f\u0131la\u015ft\u0131klar\u0131n\u0131 anlatt\u0131lar. Bir g\u00fcn sonra da \u00e7e\u015fitli g\u00f6revlerim nedeniyle pek \u00e7ok kez gitti\u011fim T\u00dcB\u0130TAK-MAM yerle\u015fkesinin do\u011fal g\u00fczelliklerini bu kez tatil modunda g\u00f6rme olana\u011f\u0131n\u0131 buldum. \u00d6\u011frendi\u011fim kadar\u0131yla T\u00dcB\u0130TAK-MAM, 8 bin d\u00f6n\u00fcm arazi \u00fczerinde kurulu. Kamp\u00fcs\u00fc \u00e7evreleyen arazi \u00e7e\u015fitli a\u011fa\u00e7 t\u00fcrlerinden olu\u015fan do\u011fal park niteli\u011finde bir yer. Anibal\u2019\u0131n mezar\u0131, g\u00f6leti, geyik, tav\u015fan, ke\u00e7i, kaplumba\u011fa gibi sevimli hayvan t\u00fcrlerinin \u00f6zg\u00fcrce ya\u015fad\u0131\u011f\u0131 cennet gibi bir alan. Kamp\u00fcs, merkezleriyle ve enstit\u00fcleriyle, Teknoloji Serbest B\u00f6lgesi ile, Teknopark\u0131 ile, bilgiyle donanm\u0131\u015f uzmanlar\u0131n \u00e7al\u0131\u015fmalar\u0131yla \u00fclkemizde Ar-Ge\u2019nin inovasyonun \u00fcretildi\u011fi muhte\u015fem bir yer.<\/p>\n\n\n\n<p>Gezi d\u00f6n\u00fc\u015f\u00fc, yerle\u015fkedeki merkezleri ve Kocaeli ilinin sanayisini ve potansiyelini tekrar ara\u015ft\u0131rd\u0131\u011f\u0131mda, b\u00f6lgede var olan de\u011ferleri yeterince kullanamad\u0131\u011f\u0131m\u0131z\u0131 g\u00f6rd\u00fcm. Kampusteki merkezleri sizlere an\u0131msatmam gerekirse; 1972 y\u0131l\u0131nda kurulan T\u00dcB\u0130TAK-MAM yap\u0131s\u0131 i\u00e7inde, \u00c7evre ve Temiz \u00dcretim, Enerji, Gen M\u00fchendisli\u011fi ve Biyoteknoloji, G\u0131da, Kimya, Malzeme ile Yer ve Deniz Bilimleri enstit\u00fcleri bulunmakta. Bu yap\u0131n\u0131n d\u0131\u015f\u0131nda yer alan merkezlerden ise Bili\u015fim ve Bilgi G\u00fcveli\u011fi \u0130leri Teknolojiler Ara\u015ft\u0131rma Merkezi ve b\u00fcnyesinde faaliyet g\u00f6steren Ulusal Elektronik ve Kriptoloji Ara\u015ft\u0131rma Enstit\u00fcs\u00fc, Bili\u015fim Teknolojileri Enstit\u00fcs\u00fc, \u0130leri Teknolojiler Ara\u015ft\u0131rma Enstit\u00fcs\u00fc, Siber G\u00fcvenlik Enstit\u00fcs\u00fc ve Yaz\u0131l\u0131m Teknolojileri Ara\u015ft\u0131rma Enstit\u00fcs\u00fc ile Ulusal Metroloji Enstit\u00fcs\u00fc ve T\u00fcrkiye Sanayi Sevk ve \u0130dare Enstit\u00fcs\u00fc yer al\u0131yor. Bunlar\u0131n hepsi \u00fclkemizin y\u00fcz ak\u0131 olarak tan\u0131mlanacak merkezler ve enstit\u00fcler.<\/p>\n\n\n\n<p>\u0130zninizle bu kez de sizlere T\u00dcB\u0130- TAK-MAM\u2019\u0131n yerle\u015fik oldu\u011fu Kocaeli ilimizin potansiyelini de k\u0131saca an\u0131msatmak istiyorum. Kocaeli\u2019nin \u00c7ay\u0131rova, Gebze, Dar\u0131ca, Dilovas\u0131 il\u00e7elerinde; Gebze OSB, TOSB, Gebkim OSB, Gebze Plastik\u00e7iler OSB, Dilovas\u0131 OSB, \u0130mes OSB, Makinac\u0131lar OSB, Kimyac\u0131lar OSB, K\u00f6m\u00fcrc\u00fcler OSB, Gebze G\u00fczeller OSB, olmak \u00fczere 10 OSB konu\u015flanm\u0131\u015f. Buradaki OSB\u2019ler tam anlam\u0131yla ilin \u00fcretim \u00fcss\u00fc niteli\u011fini ta\u015f\u0131yor. Buna T\u00dcPRA\u015e\u2019\u0131 ve 4 b\u00fcy\u00fck otomotiv firmas\u0131n\u0131 da eklersek T\u00fcrkiye\u2019nin en b\u00fcy\u00fck 500 sanayi kurulu\u015funun 92\u2019si bu kentimizde. Verilere g\u00f6re, OSB\u2019lerde say\u0131lar\u0131 650\u2019ye ula\u015fan fabrikalarda 52 bine yak\u0131n ki\u015fi istihdam edilmekte. Buna ildeki say\u0131lar\u0131 15\u2019i bulan k\u00fc\u00e7\u00fck sanayi sitelerindeki 2 bin 800\u2019den fazla imalat\u00e7\u0131 i\u015fyerini ve 11 bin \u00e7al\u0131\u015fan\u0131yla Kocaeli tam tan\u0131m\u0131yla bir sanayi kenti olma \u00f6zelliklerini ta\u015f\u0131yor. Sanayi \u00e7e\u015fitli\u011fini, ta\u015f\u0131t ara\u00e7lar\u0131 ve yan sanayi, kimya ve petrokimya, makine, plastik ve demir \u00e7elik sekt\u00f6rleri olu\u015fturuyor. \u0130zmit K\u00f6rfez Ge\u00e7i\u015f K\u00f6pr\u00fcs\u00fc ile \u0130stanbul Bo\u011faz\u0131\u2019n\u0131n 3. k\u00f6pr\u00fcs\u00fc ile ba\u011flanan Kuzey Marmara Otoyolu, y\u00fcksek h\u0131zl\u0131 tren hatt\u0131, deniz ula\u015f\u0131m\u0131na yak\u0131nl\u0131\u011f\u0131 ve Sabiha G\u00f6k\u00e7en Havaalan\u0131\u2019na yak\u0131nl\u0131\u011f\u0131, k\u00f6rfezde faaliyet g\u00f6steren 33 liman\u0131n varl\u0131\u011f\u0131 kentte ula\u015f\u0131mda entegrasyonun varl\u0131\u011f\u0131n\u0131 g\u00f6steriyor. Kente e\u011fitim y\u00f6n\u00fcyle de bak\u0131ld\u0131\u011f\u0131nda; il s\u0131n\u0131r\u0131ndaki Sabanc\u0131 \u00dcniversitesi, Kocaeli \u00dcniversitesi, Gebze Y\u00fcksek Teknoloji Enstit\u00fcs\u00fc, TSE Ara\u015ft\u0131rma ve Laboratuvar\u0131 ve Meslek Y\u00fcksek Okulu ile bir \u00fcniversite kenti. Bankalar\u0131n bilgi i\u015flem teknoloji \u00fcsleri, Gebze OSB Teknopark\u0131 ve TTO (Teknoloji Transfer Ofisi) kapsam\u0131nda 117 \u00f6zel firmaya ait 22 Ar-Ge laboratuvar\u0131 ile T\u00dcB\u0130TAK-MAM yerle\u015fkesinde yer alan merkezlerle b\u00fct\u00fcnle\u015fti\u011finde b\u00f6lge d\u00fcnyada say\u0131l\u0131 bili\u015fim vadilerinden biri olabilir. Kampus\u00fcn s\u0131n\u0131r kom\u015fusu olan Muallimk\u00f6y\u2019\u00fcn yama\u00e7lar\u0131nda ve denize kadar olan kesiminde yap\u0131la\u015fman\u0131n olmamas\u0131 bu ba\u011flamda b\u00fcy\u00fck \u015fans. Uzun y\u0131llard\u0131r dillendirilen T\u00fcrkiye\u2019nin Silikon Vadisi projesinin konu\u015fland\u0131r\u0131laca\u011f\u0131 yer aray\u0131\u015f\u0131 bir t\u00fcrl\u00fc sonu\u00e7land\u0131r\u0131lamam\u0131\u015ft\u0131. Bilim, Teknoloji ve Sanayi eski Bakan\u0131 Nihat Bey\u2019in \u201cBili\u015fim Vadisi bu b\u00f6lgede kurulmal\u0131 \u201c\u00e7a\u011fr\u0131s\u0131na \u015fimdiki bakan Fikri I\u015f\u0131k\u2019\u0131n da sahip \u00e7\u0131kmas\u0131 projenin hayata ge\u00e7irilmesi y\u00f6n\u00fcnden \u00e7ok \u00f6nemli. B\u00f6lgenin bili\u015fim vadisi ilan edilmesine y\u00f6nelik bakanlar kurulu karar\u0131 ve yasal d\u00fczenlemeler umar\u0131m \u00e7ok gecikmeden ger\u00e7ekle\u015ftirilir.( kaynak&nbsp;<a href=\"https:\/\/www.dunya.com\/kose-yazisi\/tubitak-mam-koceli-ve-bilisim-vadisi\/21571\" target=\"_blank\" rel=\"noreferrer noopener\">https:\/\/www.dunya.com\/kose-yazisi\/tubitak-mam-koceli-ve-bilisim-vadisi\/21571<\/a>)<\/p>\n\n\n\n<p>KAYNAK: <a href=\"https:\/\/www.gebzegazetesi.com\/genel\/gebze-bilisim-vadisinde-sanayi-bakani-ile-belgesel-soylesi-yaptik-h57104.html\">https:\/\/www.gebzegazetesi.com\/genel\/gebze-bilisim-vadisinde-sanayi-bakani-ile-belgesel-soylesi-yaptik-h57104.html<\/a><\/p>\n","protected":false},"excerpt":{"rendered":"<p>T\u00dcRK\u0130YE&#8217;N\u0130N MARKA DE\u011eERLER\u0130NDEN GEBZE MUALL\u0130MK\u00d6Y B\u0130L\u0130\u015e\u0130M VAD\u0130S\u0130&#8217;NDEN HER G\u00dcN TGRT BELGESEL TV&#8217;DE YAYINLANAN DEVR\u0130 ALEM PROGRAMI OLARAK&nbsp;www.devrialem.tv&nbsp;ve&nbsp;www.gebzegazetesi.com&nbsp;CANLI YAYINDA B\u00d6LGEN\u0130N 45 YILLIK CANLI \u015eAH\u0130D\u0130 OLARAK GAZETEM\u0130Z KURUCUSU&nbsp;www.ismailkahraman.net&nbsp;B\u0130L\u0130\u015e\u0130M VAD\u0130S\u0130 \u0130LE \u0130LG\u0130L\u0130 B\u0130LG\u0130 VERD\u0130. http:\/\/www.gebzegazetesi.com\/gebze-bilisim-vadisinde-sanayi-bakani-ile-belgesel-soylesi-yaptik-makale,5649.html GEBZE GAZETES\u0130 OLARAK BA\u015eTA SANAY\u0130 VE TEKNOLOJ\u0130 BAKANI MEHMET FAT\u0130H KA\u00c7IR OLMAK \u00dcZERE TOPLANTIDA YAPILAN KONU\u015eMALARI CANLI YAYINLAYARAK B\u0130L\u0130\u015e\u0130M VAD\u0130S\u0130&#8217;NDE SANAY\u0130 VE TEKNOLOJ\u0130 [&hellip;]<\/p>\n","protected":false},"author":1,"featured_media":383,"comment_status":"open","ping_status":"open","sticky":false,"template":"","format":"standard","meta":{"footnotes":""},"categories":[3],"tags":[],"class_list":["post-382","post","type-post","status-publish","format-standard","has-post-thumbnail","hentry","category-habeler"],"_links":{"self":[{"href":"https:\/\/www.avrasyagazetecilerdernegi.com\/index.php\/wp-json\/wp\/v2\/posts\/382","targetHints":{"allow":["GET"]}}],"collection":[{"href":"https:\/\/www.avrasyagazetecilerdernegi.com\/index.php\/wp-json\/wp\/v2\/posts"}],"about":[{"href":"https:\/\/www.avrasyagazetecilerdernegi.com\/index.php\/wp-json\/wp\/v2\/types\/post"}],"author":[{"embeddable":true,"href":"https:\/\/www.avrasyagazetecilerdernegi.com\/index.php\/wp-json\/wp\/v2\/users\/1"}],"replies":[{"embeddable":true,"href":"https:\/\/www.avrasyagazetecilerdernegi.com\/index.php\/wp-json\/wp\/v2\/comments?post=382"}],"version-history":[{"count":1,"href":"https:\/\/www.avrasyagazetecilerdernegi.com\/index.php\/wp-json\/wp\/v2\/posts\/382\/revisions"}],"predecessor-version":[{"id":384,"href":"https:\/\/www.avrasyagazetecilerdernegi.com\/index.php\/wp-json\/wp\/v2\/posts\/382\/revisions\/384"}],"wp:featuredmedia":[{"embeddable":true,"href":"https:\/\/www.avrasyagazetecilerdernegi.com\/index.php\/wp-json\/wp\/v2\/media\/383"}],"wp:attachment":[{"href":"https:\/\/www.avrasyagazetecilerdernegi.com\/index.php\/wp-json\/wp\/v2\/media?parent=382"}],"wp:term":[{"taxonomy":"category","embeddable":true,"href":"https:\/\/www.avrasyagazetecilerdernegi.com\/index.php\/wp-json\/wp\/v2\/categories?post=382"},{"taxonomy":"post_tag","embeddable":true,"href":"https:\/\/www.avrasyagazetecilerdernegi.com\/index.php\/wp-json\/wp\/v2\/tags?post=382"}],"curies":[{"name":"wp","href":"https:\/\/api.w.org\/{rel}","templated":true}]}}