{"id":385,"date":"2025-03-25T12:47:09","date_gmt":"2025-03-25T12:47:09","guid":{"rendered":"https:\/\/www.avrasyagazetecilerdernegi.com\/?p=385"},"modified":"2025-03-25T12:47:11","modified_gmt":"2025-03-25T12:47:11","slug":"ankarada-kocaeli-sanayi-tarihi-arsiv-sergisi","status":"publish","type":"post","link":"https:\/\/www.avrasyagazetecilerdernegi.com\/index.php\/2025\/03\/25\/ankarada-kocaeli-sanayi-tarihi-arsiv-sergisi\/","title":{"rendered":"Ankara&#8217;da Kocaeli Sanayi Tarihi Ar\u015fiv Sergisi"},"content":{"rendered":"\n<p>ANKARA DA. AVRASYA GAZETEC\u0130LER DERNE\u011e\u0130 VE UMS\u0130DER \u0130\u015eB\u0130RL\u0130\u011e\u0130 \u0130LE SANAY\u0130 TAR\u0130H\u0130 BELGESEL G\u00d6STER\u0130M\u0130 K\u0130TAP VE AR\u015e\u0130V SERG\u0130S\u0130 A\u00c7ILDI<\/p>\n\n\n\n<p>Kocaeli kent konseyi yerel destek projesi kapsam\u0131nda Ankara\u2019da KOCAEL\u0130 SANAY\u0130 TAR\u0130H\u0130 BELGESEL G\u00d6STER\u0130M\u0130 K\u0130TAP VE AR\u015e\u0130V SERG\u0130S\u0130. a\u00e7\u0131ld\u0131<\/p>\n\n\n\n<p>Kocaeli kent konseyi destekli sosyal sorumluluk projesi kapsam\u0131nda UMS\u0130DER Ve Avrasya gazeteciler derne\u011finin ortakla\u015fa Ankara&#8217;da \u0130ller bankas\u0131 sosyal tesislerinde 7 Temmuz da ger\u00e7ekle\u015ftirilen Belgesel g\u00f6sterimi <a><\/a>ve sergi b\u00fcy\u00fck ilgi g\u00f6rd\u00fc Toplant\u0131 KOCAEL\u0130 SANAY\u0130 B\u0130L\u0130M VE TEKNOLOJ\u0130 TAR\u0130H\u0130 BELGESEL g\u00f6sterimi ile ba\u015flad\u0131<\/p>\n\n\n\n<figure class=\"wp-block-embed is-type-video is-provider-youtube wp-block-embed-youtube wp-embed-aspect-16-9 wp-has-aspect-ratio\"><div class=\"wp-block-embed__wrapper\">\n<iframe loading=\"lazy\" title=\"kocaeli sanayi\" width=\"640\" height=\"360\" src=\"https:\/\/www.youtube.com\/embed\/5HUTXp9FQuU?feature=oembed\" frameborder=\"0\" allow=\"accelerometer; autoplay; clipboard-write; encrypted-media; gyroscope; picture-in-picture; web-share\" referrerpolicy=\"strict-origin-when-cross-origin\" allowfullscreen><\/iframe>\n<\/div><\/figure>\n\n\n\n<p>Toplant\u0131 UMS\u0130DER Ba\u015fkan dan\u0131\u015fman\u0131 Mehmet As\u0131f I\u015f\u0131k&#8217;\u0131n toplant\u0131y\u0131 a\u00e7\u0131\u015f konu\u015fmas\u0131 ile ba\u015flad\u0131 I\u015f\u0131k \u00e7ok \u00f6nemli konular halk\u0131nda Bilgi verdi. UMS\u0130DER Genel Ba\u015fkan\u0131 Zeki Gediko\u011flu&#8217;nun konu\u015fmas\u0131 \u00f6ncesi konu\u015fan Mehmet As\u0131f I\u015f\u0131k, &#8220;Bir k\u0131sm\u0131 burada bulunan sizlerin ve y\u00fcre\u011fi burada bizlerle atan di\u011fer \u00fcyelerimizin heyecan ve dinamizminden kuvvet ve destek alarak ortaya \u00e7\u0131kacak sinerji ile UMS\u0130DER\u2019in \u00f6n\u00fcm\u00fczdeki d\u00f6nemde pek \u00e7ok projeyi g\u00fcndeme ta\u015f\u0131yaca\u011f\u0131n\u0131, pek \u00e7ok yat\u0131r\u0131m\u0131 tart\u0131\u015fmaya a\u00e7aca\u011f\u0131n\u0131, gerek bu proje, tasar\u0131 ve planlama \u00e7al\u0131\u015fmalar\u0131yla ilgili olarak, gerekse bunlar\u0131n d\u0131\u015f\u0131nda \u00dclkemize ve milletimize katma de\u011fer olu\u015fturacak her konuda siz akil adamlar\u0131m\u0131zdan fikir, g\u00f6r\u00fc\u015f ve \u00f6neri bekledi\u011fimizi \u015fimdiden bildirmi\u015f olay\u0131m&#8221; diye konu\u015ftu. Gediko\u011flu, derne\u011fin ama\u00e7lar\u0131ndan ve yapt\u0131klar\u0131ndan bahsetti.<\/p>\n\n\n\n<p>B\u00dcLENT AKARCALI. SANAY\u0130 TAR\u0130H\u0130 B\u0130L\u0130NC\u0130NE D\u0130KKAT \u00c7EKT\u0130<\/p>\n\n\n\n<p>UMS\u0130DER\u2019in Dan\u0131\u015fma Kurulu \u00fcyesi ve \u00f6nceki y\u0131llarda Sa\u011fl\u0131k ve Turizm Bakanl\u0131klar\u0131 yapan B\u00fclent AKARCALI\u2019n\u0131n telekonferans ile kat\u0131larak sanayi bilim ve teknoloji tarihinin \u00f6nemline dikkat \u00e7ekerek UMS\u0130DER gibi STK lar\u0131n \u00f6nemli bir bo\u015flu\u011fu doldurdu\u011funu a\u00e7\u0131klad\u0131. Akarcal\u0131 engin devlet tecr\u00fcbesinin mahsul\u00fc olan akademik ders nitelik ve i\u00e7eri\u011findeki ufuk a\u00e7\u0131c\u0131, \u00f6\u011fretici ve yol g\u00f6sterici konu\u015fmas\u0131 takdir g\u00f6r\u00fcp alk\u0131\u015fland\u0131.<\/p>\n\n\n\n<figure class=\"wp-block-image size-large\"><img decoding=\"async\" src=\"https:\/\/www.kocaeliarsivi.com\/wp-content\/uploads\/2024\/07\/451018236_1206635357291666_2366494463009602964_n-1-1024x768.jpg\" alt=\"\" class=\"wp-image-398\"\/><\/figure>\n\n\n\n<p>SANAY\u0130 TAR\u0130H\u0130 BELGESEL G\u00d6STER\u0130M\u0130 VE SERG\u0130S\u0130 \u0130LE \u0130LG\u0130L\u0130 B\u0130LG\u0130 VERD\u0130<\/p>\n\n\n\n<p>\u0130\u015f adamlar\u0131n\u0131 bir araya getiren UMS\u0130DER&#8217;in, uluslararas\u0131 alanda \u00fclkeyi temsil etti\u011finden de bahseden Gediko\u011flu, i\u015f ve ticaret amac\u0131yla yurtd\u0131\u015f\u0131na gitmek isteyenler i\u00e7in vize ve pasaport konusunda kolayl\u0131klar sa\u011flanmas\u0131 i\u00e7in ad\u0131mlar at\u0131lmal\u0131 sanayi ve ticaret odalar\u0131 daha kapsaml\u0131 hizmet \u00fcretmeli<\/p>\n\n\n\n<p>Ba\u015fkan Gediko\u011flu, konu\u015fmas\u0131nda UMS\u0130DER&#8217;in, \u00e7e\u015fitli sebeplerle beklemede tutulan, planlanan ve \u00fczerinde \u00e7al\u0131\u015f\u0131lan pek \u00e7ok projesinin \u00f6n\u00fcm\u00fczdeki d\u00f6nemde birer birer hayata ge\u00e7irilece\u011fini dile getirdi. \u015eartlar\u0131n olgunla\u015fmas\u0131 ve imkanlar\u0131n tamamlanmas\u0131 halinde, \u00f6zellikle Do\u011fu ve Orta Anadolu b\u00f6lgelerinde halen at\u0131l vaziyetteki arazilerin, \u00fcniversitelerin ziraat fak\u00fclteleriyle birlikte \u00e7e\u015fitli tar\u0131m faaliyetlerine a\u00e7\u0131lmas\u0131, teknik ve sosyal bilimleriyle bir \u00fcniversite kurulmas\u0131, Avrupa Birli\u011fi\u2019nin mali destek sa\u011flad\u0131\u011f\u0131 projelerden \u00fcyelerin faydaland\u0131r\u0131lmas\u0131, devletimizin yat\u0131r\u0131m i\u00e7in te\u015fvik sa\u011flad\u0131\u011f\u0131 savunma sanayinin baz\u0131 alanlar\u0131na giri\u015f haz\u0131rl\u0131klar\u0131 oldu\u011funu ve co\u011frafi i\u015faretli y\u00f6resel \u00fcr\u00fcnlerin \u00fcretim ve pazarlama hususunda yeni ve \u00f6zg\u00fcn projeleri oldu\u011funu belirterek \u00e7ok yak\u0131n bir zamanda ciddi at\u0131l\u0131mlar yapacaklar\u0131n\u0131 ifade etti.<\/p>\n\n\n\n<figure class=\"wp-block-gallery has-nested-images columns-default is-cropped wp-block-gallery-1 is-layout-flex wp-block-gallery-is-layout-flex\">\n<figure class=\"wp-block-image size-large\"><img decoding=\"async\" data-id=\"399\" src=\"https:\/\/www.kocaeliarsivi.com\/wp-content\/uploads\/2024\/07\/451070062_1206635407291661_6931408456438313280_n-1024x576.jpg\" alt=\"\" class=\"wp-image-399\"\/><\/figure>\n<\/figure>\n\n\n\n<p>AVRASYA GAZETEC\u0130LER DERNE\u011e\u0130 BA\u015eKANI KONU\u015eTU<\/p>\n\n\n\n<p>Avrasya gazeteciler derne\u011fi ba\u015fkan\u0131 \u0130smail Kahraman\u2019\u0131n haz\u0131rlad\u0131\u011f\u0131 sanayi ve bilim tarihinin gen\u00e7lere \u00f6\u011fretilmesi gerekti\u011fini. S\u00f6yleyerek sosyal sorumluluk projesi ile ilgili Bilgi verdi. Proje kapsam\u0131nda Kocaeli\u2019nin sanayi, teknoloji ve end\u00fcstri potansiyelinin konu edildi\u011fi belgesel toplant\u0131ya kat\u0131lan sanayici, i\u015f adamlar\u0131, akademisyen ve b\u00fcrokratlara izletildi. Kocaeli ve civar\u0131n\u0131n sanayi ve end\u00fcstri tarihine ili\u015fkin kitap ve ar\u015fiv sergisi b\u00fcy\u00fck ilgi g\u00f6rd\u00fc<\/p>\n\n\n\n<p>\u0130\u00dclkemizin kuzeyinden g\u00fcneyine, do\u011fusundan bat\u0131s\u0131na UMS\u0130DER\u2019in b\u00f6lge ve il temsilcilerinin kat\u0131ld\u0131\u011f\u0131 ba\u015far\u0131l\u0131 ve verimli ge\u00e7en toplant\u0131ya kat\u0131lanlar \u0130ller bankas\u0131 sosyal teslislerde a\u00e7\u0131lan Kocaeli sanayi bilim ve teknoloji tarihi sergisini gezerek Bilgi ald\u0131lar<\/p>\n\n\n\n<figure class=\"wp-block-image size-large\"><img decoding=\"async\" src=\"https:\/\/www.kocaeliarsivi.com\/wp-content\/uploads\/2024\/07\/451482213_1206635287291673_450011115782237242_n-1024x768.jpg\" alt=\"\" class=\"wp-image-400\"\/><\/figure>\n\n\n\n<p>Gen\u00e7lere \u00d6nem Vererilmeli.<\/p>\n\n\n\n<p>UMS\u0130DER in Gen\u00e7lere \u00f6nem verdi\u011fini ve desteklerini s\u00fcrd\u00fcrece\u011fini s\u00f6yleyen ba\u015fkan Gediko\u011flu, halen lisans ve lisans\u00fcst\u00fc e\u011fitim almakta olan UMS\u0130DER \u00fcyesi gen\u00e7lerin \u00e7e\u015fitli projelerde tecr\u00fcbe kazand\u0131rmak \u00fczere \u00e7al\u0131\u015fma yapt\u0131klar\u0131n\u0131 \u015fu s\u00f6zlerle ifade etti: &#8220;e\u011fitim almakta olan GEN\u00c7 UMS\u0130DER Gurubunun ciddi ve fedak\u00e2rca gayretleriyle, kendileri gibi \u00fcniversite \u00f6\u011frencilerine burs i\u00e7in mali kaynak sa\u011flanmas\u0131 amac\u0131yla sanayide tala\u015fl\u0131 metal imalat\u0131\/i\u015flemesi yapan kurulu\u015flar\u0131n hurda ve at\u0131klar\u0131n\u0131n toplanarak geri d\u00f6n\u00fc\u015f\u00fcm yoluyla tekrar ekonomiye kazand\u0131r\u0131lmas\u0131d\u0131r.&#8221;<\/p>\n\n\n\n<p>Toplant\u0131n\u0131n devam\u0131nda misafirler konu\u015fmalar\u0131n\u0131 ger\u00e7ekle\u015ftirdi. Sa\u011fl\u0131k ve Turizm eski Bakan\u0131 B\u00fclent Akarcal\u0131, Avrasya Gazeteciler Derne\u011fi UMS\u0130DER in il temsilcileri \u00fcyeler ve medya mensuplar\u0131 kat\u0131larak konu\u015fmalar yapt\u0131<\/p>\n\n\n\n<p>GEBZE GAZETES\u0130NDE YAYINLANAN HABER<\/p>\n\n\n\n<p>Avrasya gazeteciler dernr\u011fi ve UMS\u0130DER i\u015fbirli\u011fi ile Ankara\u2019da \u0130ller bankas\u0131nda ger\u00e7ekle\u015ftirilen Kocaeli sanayi bilim ve teknoloji tarihi belgesel g\u00f6sterimi ve kitap sergisi ile ilgili <a href=\"https:\/\/l.facebook.com\/l.php?u=http%3A%2F%2Fiwww.gebzegazetesi.com%2F%3Ffbclid%3DIwZXh0bgNhZW0CMTAAAR3nq8KTnhqRt3DVIrA5bKDjind41HXa1AB_TUKB4hmAseH7ZFfOmSazixk_aem_lL_wEHOsKyhg94Sw_DkWsw&amp;h=AT2k4Fmm7YUzblHivgFMniL9ivCy_ZEsY3V39Mn_v8w3AyraHn2Tk3rsVjkhepECd-ExJB6nhkB4xs0S1KrJ3vWxRRz5QmYx4GT8Ars6urAnSgPl8UchTSBuCkJR0xpQ0UNW&amp;__tn__=-UK-R&amp;c[0]=AT1EYqwKoXjt-9WvTkP9Sn3SR48n5-HQ9zUYFWwRWfq28Mb1Ek1uqDt2RyZxB9gs_0v23d2Hf4BhXsJH7NPhky2bsiNU8ky_fyH8zJVzSn7UCdapSFu1deppoQGxt83CcvdwsMHUb2rR7k97F-DXT_qY7nt99HDt_PL_nsQ0n-hpTmPTNa0sKYsD8ai4x3UkuOKW0gjED_V-GK0qqf04vy6umFVZXSLIoXJG6Q\" rel=\"noreferrer noopener\" target=\"_blank\">iwww.gebzegazetesi.com<\/a> da yay\u0131nlanan haber<\/p>\n\n\n\n<p><a href=\"https:\/\/www.facebook.com\/share\/p\/hVRweU1FAbsYs9Zv\/?mibextid=WC7FNe\">https:\/\/www.facebook.com\/share\/p\/hVRweU1FAbsYs9Zv\/?mibextid=WC7FNe<\/a><\/p>\n\n\n\n<figure class=\"wp-block-embed is-type-video is-provider-youtube wp-block-embed-youtube wp-embed-aspect-16-9 wp-has-aspect-ratio\"><div class=\"wp-block-embed__wrapper\">\n<iframe loading=\"lazy\" title=\"Ankara da Kocaeli Sanayi Tarihi Ar\u015fiv Sergisi\" width=\"640\" height=\"360\" src=\"https:\/\/www.youtube.com\/embed\/e0RUUxooa2I?feature=oembed\" frameborder=\"0\" allow=\"accelerometer; autoplay; clipboard-write; encrypted-media; gyroscope; picture-in-picture; web-share\" referrerpolicy=\"strict-origin-when-cross-origin\" allowfullscreen><\/iframe>\n<\/div><\/figure>\n","protected":false},"excerpt":{"rendered":"<p>ANKARA DA. AVRASYA GAZETEC\u0130LER DERNE\u011e\u0130 VE UMS\u0130DER \u0130\u015eB\u0130RL\u0130\u011e\u0130 \u0130LE SANAY\u0130 TAR\u0130H\u0130 BELGESEL G\u00d6STER\u0130M\u0130 K\u0130TAP VE AR\u015e\u0130V SERG\u0130S\u0130 A\u00c7ILDI Kocaeli kent konseyi yerel destek projesi kapsam\u0131nda Ankara\u2019da KOCAEL\u0130 SANAY\u0130 TAR\u0130H\u0130 BELGESEL G\u00d6STER\u0130M\u0130 K\u0130TAP VE AR\u015e\u0130V SERG\u0130S\u0130. a\u00e7\u0131ld\u0131 Kocaeli kent konseyi destekli sosyal sorumluluk projesi kapsam\u0131nda UMS\u0130DER Ve Avrasya gazeteciler derne\u011finin ortakla\u015fa Ankara&#8217;da \u0130ller bankas\u0131 sosyal tesislerinde [&hellip;]<\/p>\n","protected":false},"author":1,"featured_media":386,"comment_status":"open","ping_status":"open","sticky":false,"template":"","format":"standard","meta":{"footnotes":""},"categories":[3],"tags":[],"class_list":["post-385","post","type-post","status-publish","format-standard","has-post-thumbnail","hentry","category-habeler"],"_links":{"self":[{"href":"https:\/\/www.avrasyagazetecilerdernegi.com\/index.php\/wp-json\/wp\/v2\/posts\/385","targetHints":{"allow":["GET"]}}],"collection":[{"href":"https:\/\/www.avrasyagazetecilerdernegi.com\/index.php\/wp-json\/wp\/v2\/posts"}],"about":[{"href":"https:\/\/www.avrasyagazetecilerdernegi.com\/index.php\/wp-json\/wp\/v2\/types\/post"}],"author":[{"embeddable":true,"href":"https:\/\/www.avrasyagazetecilerdernegi.com\/index.php\/wp-json\/wp\/v2\/users\/1"}],"replies":[{"embeddable":true,"href":"https:\/\/www.avrasyagazetecilerdernegi.com\/index.php\/wp-json\/wp\/v2\/comments?post=385"}],"version-history":[{"count":1,"href":"https:\/\/www.avrasyagazetecilerdernegi.com\/index.php\/wp-json\/wp\/v2\/posts\/385\/revisions"}],"predecessor-version":[{"id":387,"href":"https:\/\/www.avrasyagazetecilerdernegi.com\/index.php\/wp-json\/wp\/v2\/posts\/385\/revisions\/387"}],"wp:featuredmedia":[{"embeddable":true,"href":"https:\/\/www.avrasyagazetecilerdernegi.com\/index.php\/wp-json\/wp\/v2\/media\/386"}],"wp:attachment":[{"href":"https:\/\/www.avrasyagazetecilerdernegi.com\/index.php\/wp-json\/wp\/v2\/media?parent=385"}],"wp:term":[{"taxonomy":"category","embeddable":true,"href":"https:\/\/www.avrasyagazetecilerdernegi.com\/index.php\/wp-json\/wp\/v2\/categories?post=385"},{"taxonomy":"post_tag","embeddable":true,"href":"https:\/\/www.avrasyagazetecilerdernegi.com\/index.php\/wp-json\/wp\/v2\/tags?post=385"}],"curies":[{"name":"wp","href":"https:\/\/api.w.org\/{rel}","templated":true}]}}