{"id":79,"date":"2015-05-27T12:24:00","date_gmt":"2015-05-27T12:24:00","guid":{"rendered":"http:\/\/www.avrasyagazetecilerdernegi.com\/?p=79"},"modified":"2023-07-13T14:30:18","modified_gmt":"2023-07-13T14:30:18","slug":"eskisehirden-kazana-kultur-baskentleri-belgeseli-2","status":"publish","type":"post","link":"https:\/\/www.avrasyagazetecilerdernegi.com\/index.php\/2015\/05\/27\/eskisehirden-kazana-kultur-baskentleri-belgeseli-2\/","title":{"rendered":"Eski\u015fehir&#8217;den Kazan&#8217;a K\u00fclt\u00fcr Ba\u015fkentleri Belgeseli"},"content":{"rendered":"\n<p>20 \u00dcLKEDEN 100 GAZETEC\u0130<\/p>\n\n\n\n<pre class=\"wp-block-code\"><code>     T\u00fcrk D\u00fcnyas\u0131 2. gazeteciler \u015furas\u0131 Kazan\u2019da toplan\u0131yor. \u0130lki ge\u00e7ti\u011fimiz y\u0131l T\u00fcrk D\u00fcnyas\u0131 K\u00fclt\u00fcr Ba\u015fkenti olan Eski\u015fehir\u2019de d\u00fczenlenen \u015furan\u0131n organizasyon komitesinde g\u00f6rev alan Devri Alem belgesel program yap\u0131mc\u0131s\u0131 ve Avrasya Gazete Radyo Televizyon Yay\u0131nc\u0131lar Derne\u011fi Genel Ba\u015fkan\u0131 \u0130smail Kahraman, Tataristan\u2019\u0131n ba\u015fkenti Kazan\u2019a gitti. \u015euara 30 May\u0131s 2015 tarihinde sona erecek. \u015euraya T\u00fcrk ve akraba toplulu\u011fu 20 ayr\u0131 \u00fclkeden 100 T\u00fcrk gazeteci kat\u0131lacak. <\/code><\/pre>\n\n\n\n<p>K\u00dcLT\u00dcR BA\u015eKENTLER\u0130 BELGESEL GALASI<\/p>\n\n\n\n<pre class=\"wp-block-code\"><code>          Tataristan Cumhurba\u015fkanl\u0131\u011f\u0131n\u0131n himayesinde ve Tataristan Medya Bakanl\u0131\u011f\u0131 TAD MED ve merkezi T\u00fcrkiye\u2019de bulunan D\u00fcnya Gazeteciler federasyonun ev sahipli\u011finde ger\u00e7ekle\u015fecek ve T\u00fcrk D\u00fcnyas\u0131 2. Gazeteciler \u015f\u00fbras\u0131nda Devri Alem belgesel program\u0131 taraf\u0131ndan haz\u0131rlanan \u201cESK\u0130\u015eEH\u0130R\u2019DEN KAZAN\u2019A T\u00dcRK D\u00dcNYASI K\u00dcLT\u00dcR BA\u015eKENTLER\u0130\u201d belgeselinin de galas\u0131 ger\u00e7ekle\u015fecek. 120 dakikal\u0131k belgeseli DVD\u2019si Avrasya gazeteciler derne\u011finin k\u00fclt\u00fcr hizmeti olarak \u015fuaraya kat\u0131lan gazetecilere ve Tataristan medya mensuplar\u0131na da hediye edilecek. <\/code><\/pre>\n\n\n\n<p>GAZETEC\u0130LER \u015eURASI S\u0130NEV\u0130ZYONU<\/p>\n\n\n\n<pre class=\"wp-block-code\"><code>       Yap\u0131m ve y\u00f6netmenli\u011fi \u0130smail Kahraman taraf\u0131ndan ger\u00e7ekle\u015ftirilen Eski\u015fehir\u2019den Kazan\u2019a k\u00fclt\u00fcr ba\u015fkentlerimiz belgeselinin sinevizyon g\u00f6rselleri youtube \u00fczerinden kamuoyu ile payla\u015f\u0131ld\u0131. 7 dakikal\u0131k sine vizyonda \u00f6nemli konular ile Eski\u015fehir\u2019de Kazan\u2019a k\u00fclt\u00fcr ba\u015fkentinin hikayesi anlat\u0131lma. Ayr\u0131ca T\u00fcrk D\u00fcnyas\u0131 Belediyeler Birli\u011fi genel ba\u015fkan\u0131 olan Kocaeli B\u00fcy\u00fck\u015fehir belediye Ba\u015fkan\u0131 \u0130brahim Karaosmano\u011flu\u2019nun Tataristan\u2019\u0131n ba\u015fkenti kazana yapt\u0131\u011f\u0131 gazi ile ilgili de bilgiler verilmekte. Bu bilgileri ve sine vizyonu izlemek i\u00e7in www.belgeselyayincilik.com ve   https:\/\/www.youtube.com\/watch?v=2C2sVu8a_ko  linkinden izleyebilirsiniz.<\/code><\/pre>\n\n\n\n<p>ESK\u0130\u015eEH\u0130R\u2019DEN KAZAN\u2019A GAZETEC\u0130LER \u015eURASI<\/p>\n\n\n\n<pre class=\"wp-block-code\"><code>       \u0130lki 2014 y\u0131l\u0131 Eski\u015fehir\u2019de d\u00fczenlenen T\u00fcrk D\u00fcnyas\u0131 Gazeteciler \u015euras\u0131 bu y\u0131l ikincisi RF. Tataristan \u00d6zerk Cumhuriyetinin Ba\u015fkenti Kazan\u2019da d\u00fczenleniyor. Tataristan Cumhuriyetinin TATAMEDIA Kurumu ile D\u00fcnya Gazeteciler Federasyonunun ortakla\u015fa d\u00fczenleyece\u011fi  \u201cT\u00fcrk D\u00fcnyas\u0131 2. Gazeteciler \u015euras\u0131\u201d T\u00fcrkiye ile Tataristan Cumhuriyetinin ortak bir projesidir. T.C. Ba\u015fbakanl\u0131k (T\u0130KA), TRT, Anadolu Haber Ajans\u0131, T\u00fcrk D\u00fcnyas\u0131 Belediyeler Birli\u011fi ve T\u00fcrk Hava Yollar\u0131n\u0131n deste\u011fiyle d\u00fczenlenen \u015eura 3 g\u00fcn boyunca yakla\u015f\u0131k 20 \u00fclkeden 100 gazetecinin kat\u0131l\u0131m\u0131 bekleniyor.\n\n          Konu ilgili bir a\u00e7\u0131klama yapan DGF Genel Sekreteri ve \u015euran\u0131n Genel Koordinat\u00f6r\u00fc Dr. \u015eemsettin K\u00fczeci Kerk\u00fck gazetesine \u015funlar\u0131 s\u00f6yledi: \u201cBu y\u0131l Tataristan yapaca\u011f\u0131m\u0131z T\u00fcrk D\u00fcnyas\u0131 2. Gazeteciler \u015euras\u0131na 20 \u00fclke kat\u0131lacakt\u0131r. Ba\u015fta T\u00fcrkiye ve Tataristan olmak \u00fczere Azerbaycan, T\u00fcrkmenistan, \u00d6zbekistan, K\u0131rg\u0131zistan, Kazakistan, \u00c7uva\u015fistan, Ba\u015fkurdistan, Irak, \u0130ran, T\u00fcrkmen Sahra, K\u0131r\u0131m ve daha bir\u00e7ok T\u00fcrk d\u00fcnyas\u0131 Co\u011frafyas\u0131ndan T\u00fcrk Gazeteciler kat\u0131lacakt\u0131r. \n\n        \u201cBu y\u0131l ilk defa T\u00fcrk D\u00fcnyas\u0131 \u00dcst\u00fcn Bas\u0131n Ni\u015fan\u0131 verilecektir. \u0130kinci \u015euram\u0131zda bu \u00f6d\u00fcl\u00fc RF. Tataristan Cumhurba\u015fkan\u0131na onurla takdim edece\u011fiz. Ayr\u0131ca T\u00fcrk D\u00fcnyas\u0131 Bas\u0131n Hizmet \u00d6d\u00fclleri de ilk defa DGF taraf\u0131ndan verilecektir. Bu \u00f6d\u00fcller bu y\u0131l;<\/code><\/pre>\n\n\n\n<ol class=\"wp-block-list\">\n<li>TRT AVAZ. T\u00fcrkiye<\/li>\n\n\n\n<li>TATMEDIA. RF. Tataristan \u00d6zerk Cumhuriyeti<\/li>\n\n\n\n<li>Anadolu Haber Ajans\u0131(AA). T\u00fcrkiye<\/li>\n\n\n\n<li>Azerbaycan Matbuat \u015euras\u0131. Azerbaycan<\/li>\n\n\n\n<li>Yeni Balkan Gazetesi. Makedonya<\/li>\n\n\n\n<li>AVRUPA MEDIA GROUP. Londra<\/li>\n\n\n\n<li>T\u00fcrk D\u00fcnyas\u0131 Gen\u00e7 \u0130leti\u015fimciler Birli\u011fi.<\/li>\n\n\n\n<li>Nur Gazetesi. RF. Tataristan kurulu\u015flara verilecektir\u201d.<\/li>\n<\/ol>\n\n\n\n<p>T\u00dcRK D\u00dcNYASI MEDYA \u0130LET\u0130\u015e\u0130M SERG\u0130S\u0130<\/p>\n\n\n\n<pre class=\"wp-block-code\"><code>        Tataristan\u2019\u0131n ba\u015fkenti Kazan\u2019da ger\u00e7ekle\u015fecek T\u00fcrk D\u00fcnyas\u0131 2. Gazeteciler \u015euras\u0131'nda, \u201cT\u00fcrk D\u00fcnyas\u0131 Medya ve \u0130leti\u015fim Sergisi' de a\u00e7\u0131lacak. Sergide, \u015furaya kat\u0131lacak gazeteciler taraf\u0131ndan getirilen gazete \u00f6rnekleri ve yay\u0131nlar sergilenecek. Zirve dolay\u0131s\u0131yla \u201cTataristan\u2019\u0131n T\u00fcrk d\u00fcnyas\u0131nda jeopolitik yap\u0131s\u0131\u201d ve T\u00fcrk D\u00fcnyas\u0131nda ileti\u015fim geli\u015fmeleri konulu panel ve oturumlarda ger\u00e7ekle\u015fecek.\n\n            Tataristan Cumhuriyeti Cumhurba\u015fkanl\u0131\u011f\u0131 himayesinde D\u00fcnya Gazeteciler Federasyonu\u2019nun organizasyonu ile T\u00fcrk D\u00fcnyas\u0131 2. Gazeteciler \u015furas\u0131 Tataristan\u2019\u0131n ba\u015fkenti Kazan\u2019da toplan\u0131yor. \u015eura, Di\u015f i\u015fleri Bakanl\u0131\u011f\u0131, Kazan Ba\u015fkonsoloslu\u011fu, T\u0130KA, D\u0131\u015f T\u00fcrkler Akraba Toplulu\u011fu, T\u00fcrk D\u00fcnyas\u0131 Belediyeler Birli\u011fi, TRT, Anadolu Ajans\u0131 ve THY\u2019\u2019n\u0131n destekleri ile ger\u00e7ekle\u015fiyor. 26-29 May\u0131s 2015 tarihlerinde Kazan\u2019da ger\u00e7ekle\u015fecek \u201cT\u00fcrk D\u00fcnyas\u0131 2. Gazeteciler \u015euras\u0131nda, \u201cT\u00fcrk D\u00fcnyas\u0131 Medya ve \u0130leti\u015fim Sergisi\u201d de a\u00e7\u0131lacak. Sergide, \u015furaya kat\u0131lacak gazeteciler taraf\u0131ndan getirilen gazete \u00f6rnekleri ve yay\u0131nlar sergilenecek. Zirve dolay\u0131s\u0131yla \u201cTataristan\u2019\u0131n T\u00fcrk d\u00fcnyas\u0131nda jeopolitik yap\u0131s\u0131\u201d ve \u201cT\u00fcrk D\u00fcnyas\u0131nda ileti\u015fim geli\u015fmeleri\u201d konulu panel ve oturumlarda ger\u00e7ekle\u015fecek.<\/code><\/pre>\n\n\n\n<p>ESK\u0130\u015eEH\u0130R\u2019DEN KAZAN\u2019A K\u00dcLT\u00dcR BA\u015eKENT\u0130 BELGES\u0130<\/p>\n\n\n\n<pre class=\"wp-block-code\"><code>      Tataristan\u2019a giden T\u00fcrk medyas\u0131, \u0130dil nehri boyundaki Tarihi Bulgar devletinin kuruldu\u011fu Bulgar \u015fehri ba\u015fta olmak \u00fczere Tataristan ve Kazan\u2019\u0131n tarihi ve turistik yerlerini gezecekler. Kazan Federal \u00dcniversitesi\u2019ni de ziyaret edecek heyet,  zirve dolay\u0131s\u0131yla  Devri Alem belgesel TV program yap\u0131mc\u0131s\u0131 \u0130smail kahraman  yap\u0131m y\u00f6netmenli\u011finde  haz\u0131rlana ve  Avrasya Gazete Radyo Televizyon Yay\u0131nc\u0131lar\u0131 Derne\u011finin katk\u0131s\u0131 ile   DVD haline getirilen  \u201cEski\u015fehir\u2019den Kazan\u2019a T\u00fcrk D\u00fcnyas\u0131 K\u00fclt\u00fcr Ba\u015fkentleri\u201d belgeselinin sine vizyon ve gala  g\u00f6sterisi de \u015furaya kat\u0131lan gazetecilerin kat\u0131l\u0131m\u0131 ile  ger\u00e7ekle\u015fecek.  Belgeselin DVD si  gazetecilere hediye  edilecek.  <\/code><\/pre>\n\n\n\n<p>D\u00dcNYA GAZETEC\u0130LER FEDERASYONU BA\u015eKANINDAN A\u00c7IKLAMA<\/p>\n\n\n\n<pre class=\"wp-block-code\"><code>         \u015eura ile ilgili bir a\u00e7\u0131klama yapan D\u00fcnya Gazeteciler Federasyonu Genel Ba\u015fkan\u0131 Menderes Demir, \u201cT\u00fcrk D\u00fcnyas\u0131 gazetecileri ilk kez bir \u015fura ile Eski\u015fehir\u2019de bir araya gelmi\u015fti. Bunu gelenek hale getirdik. Federasyonumuzun \u00f6nc\u00fcl\u00fc\u011f\u00fcnde T\u00fcrkiye Gazeteciler Federasyonu Bas\u0131n Vakf\u0131\u2019n\u0131n i\u015f birli\u011fi ile uzun \u00e7al\u0131\u015fmalar sonucu Tataristan\u2019da 2. Gazeteciler \u015fuaras\u0131n\u0131 da ger\u00e7ekle\u015ftiriyoruz. \u015eura\u2019ya destek veren, ilgi ve alakalar\u0131n\u0131 g\u00f6steren gerek T\u00fcrkiye ve gerekse RF Tataristan devlet y\u00f6neticileri ba\u015fta olmak \u00fczere, resmi ve \u00f6zel t\u00fcm kurum ve kurulu\u015flara te\u015fekk\u00fcr ediyoruz\u2019 dedi. \n\n        Demir, T\u00fcrk D\u00fcnyas\u0131 gazetecilerinin Eski\u015fehir zirvesinin \u00f6nemli bir ba\u015flang\u0131\u00e7 oldu\u011funu, bu zirvenin geleneksel hale getirilerek s\u00fcrd\u00fcr\u00fclmesi karar\u0131 al\u0131nd\u0131\u011f\u0131n\u0131 ifade ederek, D\u00fcnya Gazeteciler Federasyonu, T\u00fcrk D\u0131\u015f i\u015fleri Bakanl\u0131\u011f\u0131 ve RF Tataristan yetkilileri resmi g\u00f6r\u00fc\u015fmeler yaparak, D\u00fcnya Gazeteciler Federasyonu ve TATMEDYA i\u015fbirli\u011fi yaparak, \u201cT\u00fcrk D\u00fcnyas\u0131 2. Gazeteciler \u015euras\u0131\u201dn\u0131n T\u00fcrk D\u00fcnyas\u0131 2014 y\u0131l\u0131 K\u00fclt\u00fcr Ba\u015fkenti olan Tataristan\u2019\u0131n ba\u015fkenti Kazan\u2019da ger\u00e7ekle\u015ftirilmesine karar verildi\u011fini s\u00f6yledi.<\/code><\/pre>\n\n\n\n<p>T\u00dcRK D\u00dcNYASI\u2019NIN KALB\u0130 KAZAN\u2019DA ATACAK<\/p>\n\n\n\n<pre class=\"wp-block-code\"><code>            Haz\u0131rl\u0131klar\u0131n son a\u00e7amaya geldi\u011fini, resmi izinler al\u0131narak d\u00fcnyan\u0131n \u00e7e\u015fitli \u00fclkelerindeki de\u011fi\u015fik yerlerden 35, T\u00fcrkiye\u2019den 15 ve Tataristan\u2019dan da 50 gazetecinin \u015furaya kat\u0131laca\u011f\u0131n\u0131 belirten Demir, zirve kapsam\u0131nda sergi, sempozyum, panel, k\u00fclt\u00fcrel \u00e7al\u0131\u015fmalar\u0131n\u0131n yan\u0131 s\u0131ra \u00e7e\u015fitli etkinliklerin de d\u00fczenlenece\u011fini kaydetti.\n\n      RF Tataristan organizasyonunun b\u00fcy\u00fck ilgi g\u00f6rece\u011fi etkinlik kapsam\u0131nda, T\u00fcrk D\u00fcnyas\u0131 ile ilgili g\u00f6r\u00fc\u015f ve d\u00fc\u015f\u00fcncelerin al\u0131naca\u011f\u0131n\u0131, gazetecilerin Tataristan ve Kazan kentinin tarihi ve k\u00fclt\u00fcrel yerlerine de turistik gezi turu d\u00fczenlenece\u011fini belirtildi.<\/code><\/pre>\n\n\n\n<p>KAZAN\u2019DA TAR\u0130H\u0130 BULU\u015eMA<\/p>\n\n\n\n<pre class=\"wp-block-code\"><code>           Rusya Federasyonu Tataristan \u00d6zerk Cumhuriyeti Ba\u015fkenti Kazan\u2019da yap\u0131lacak olan etkinli\u011fe, 20 \u00fclkeden 100\u2019\u00fcn \u00fczerinde gazetecinin kat\u0131lmas\u0131 beklenirken, 2.\u2019si d\u00fczenlenen organizasyonun Tataristan \u00d6zerk Cumhuriyeti, TATMEDYA ve D\u00fcnya Gazeteciler Federasyonu\u2019nun ortak organizesi ve Gazeteciler Cemiyetleri Bas\u0131n Vakf\u0131\u2019n\u0131n kat\u0131l\u0131m\u0131 ve katk\u0131s\u0131 ile Tataristan Cumhuriyeti Cumhurba\u015fkan\u0131 Rustam Minnikhanov\u2019un himayelerinde Tataristan \u00d6zerk Cumhuriyeti ve T\u00fcrkiye Cumhuriyeti\u2019nin katk\u0131lar\u0131yla yap\u0131lacak  bildirildi. \u015eura\u201dn\u0131n amac\u0131n\u0131n Rusya Federasyonu Tataristan \u00d6zerk Cumhuriyeti\u2019nin tarihi, turistik yerleri ve k\u00fclt\u00fcr\u00fcn\u00fc T\u00fcrk D\u00fcnyas\u0131 ve d\u00fcnyaya yaymak oldu\u011fu bildirildi. <\/code><\/pre>\n\n\n\n<p>\u2026\u2026\u2026\u2026\u2026\u2026\u2026\u2026\u2026\u2026\u2026\u2026\u2026\u2026\u2026\u2026\u2026\u2026\u2026\u2026\u2026\u2026\u2026\u2026\u2026\u2026\u2026\u2026\u2026\u2026\u2026\u2026\u2026\u2026\u2026\u2026\u2026\u2026\u2026\u2026\u2026\u2026\u2026\u2026\u2026\u2026\u2026\u2026\u2026\u2026\u2026\u2026\u2026\u2026\u2026\u2026\u2026\u2026\u2026\u2026\u2026\u2026\u2026\u2026\u2026\u2026\u2026\u2026.<\/p>\n\n\n\n<p>T\u00fcrk D\u00fcnyas\u0131 Gazeteciler \u015euras\u0131 Tataristan\u2019da toplan\u0131yor (20.05.2015)<\/p>\n\n\n\n<pre class=\"wp-block-code\"><code>      Tataristan Cumhuriyeti Cumhurba\u015fkanl\u0131\u011f\u0131 himayesinde D\u00fcnya Gazeteciler federasyonunun organizasyonu ile T\u00fcrk d\u00fcnyas\u0131 2. Gazeteciler \u015furas\u0131 Tataristan\u2019\u0131n ba\u015fkenti Kazan\u2019da toplan\u0131yor. \u015euraya; Di\u015f i\u015fleri Bakanl\u0131\u011f\u0131, kazan Ba\u015fkonsoloslu\u011fu, T\u0130KA, D\u0131\u015f T\u00fcrkler Akraba toplulu\u011fu, T\u00fcrk D\u00fcnyas\u0131 Belediler birli\u011fi, TRT, Anadolu Ajans\u0131\u2019n\u0131n destekleri ile ger\u00e7ekle\u015fiyor. 26-29 May\u0131s 2015 tarihlerinde Kazan\u2019da ger\u00e7ekle\u015fecek. T\u00fcrk D\u00fcnyas\u0131 2. Gazeteciler \u015fuaras\u0131nda \u201cT\u00fcrk D\u00fcnyas\u0131 Medya ve \u0130leti\u015fim Sergisi\u201d a\u00e7\u0131lacak. Sergide \u015euraya kat\u0131lacak gazeteciler taraf\u0131ndan getirilen gazete \u00f6rnekleri ve yay\u0131nlar sergilenecek. Zirve dolay\u0131s\u0131yla Tataristan\u2019\u0131n T\u00fcrk d\u00fcnyas\u0131nda jeopolitik yap\u0131s\u0131 ve T\u00fcrk D\u00fcnyas\u0131nda ileti\u015fim geli\u015fmeleri konulu panel ve oturumlarda ger\u00e7ekle\u015fecek. Zirve dolay\u0131s\u0131yla Tataristan\u2019a giden T\u00fcrk medyas\u0131 \u0130dil nehri boyundaki Tarihi Bulgar devletinin kuruldu\u011fu Bulgar \u015fehri ba\u015fta olmak \u00fczere Tataristan ve Kazan\u2019\u0131n tarihi ve turistik yerlerini gezecekler. Kazan federal \u00dcniversitesini de ziyaret edecekler. Zirve dolay\u0131s\u0131yla Avrasya Gazete Radyo Televizyon Yay\u0131nc\u0131lar\u0131 Derne\u011finin katk\u0131s\u0131 ile haz\u0131rlanan Eski\u015fehir\u2019den Kazan\u2019a T\u00fcrk D\u00fcnyas\u0131 K\u00fclt\u00fcr Ba\u015fkentleri belgeselinin sinevizyon g\u00f6sterisi de \u015furaya kat\u0131lan gazetecilerin g\u00f6sterimine sunulacak. \u015eura ile ilgili bir a\u00e7\u0131klama yapan D\u00fcnya Gazeteciler Federasyonu genel ba\u015fkan\u0131 Menderes Demir, \u201cT\u00fcrk d\u00fcnyas\u0131 gazetecileri ilk kez bir \u015fura ile Eski\u015fehir\u2019de bir araya gelmi\u015fti. Bunu gelenek hale getirdik. Federasyonumuzun \u00f6nc\u00fcl\u00fc\u011f\u00fcnde T\u00fcrkiye Gazeteciler federasyonu Bas\u0131n Vakf\u0131\u2019n\u0131n i\u015f birli\u011fi ile uzun \u00e7al\u0131\u015fmalar sonucu Tataristan\u2019da 2. Gazeteciler \u015fuaras\u0131n\u0131 da ger\u00e7ekle\u015ftiriyoruz. \u015eura\u2019ya destek veren, ilgi ve alakalar\u0131n\u0131 g\u00f6steren gerek T\u00fcrkiye ve gerekse Tataristan devlet y\u00f6neticileri ba\u015fta olmak \u00fczere, resmi ve \u00f6zel t\u00fcm kurum ve kurulu\u015flara te\u015fekk\u00fcr ediyoruz.\u2019 dedi.<\/code><\/pre>\n\n\n\n<p>\u015eURANIN ORGAN\u0130ZASYON KOM\u0130TES\u0130NDEY\u0130M<\/p>\n\n\n\n<pre class=\"wp-block-code\"><code>         T\u00fcrk D\u00fcnyas\u0131 gazeteciler \u015furas\u0131n\u0131n organizasyon \u00e7al\u0131\u015fmalar\u0131nda aktif g\u00f6rev alan gazeteci ve belgeselci olarak uluslararas\u0131 boyutta \u00e7al\u0131\u015fmam\u0131z\u0131 s\u00fcrd\u00fcr\u00fcyoruz. 2013-2014 T\u00fcrk D\u00fcnyas\u0131 k\u00fclt\u00fcr ba\u015fkenti olan Eski\u015fehir\u2019de T\u00fcrk d\u00fcnyas\u0131 gazeteciler \u015furas\u0131n\u0131n toplanmas\u0131 i\u00e7in \u00f6zel \u00e7apa sarp etmi\u015f, T\u00fcrkiye Gazeteciler Federasyonu Bas\u0131n Vakf\u0131\u2019n\u0131n \u00f6nc\u00fcl\u00fc\u011f\u00fcnde Eski\u015fehir Valili\u011finin ev sahipli\u011finde Mart 2014 tarihinde T\u00fcrk D\u00fcnyas\u0131 gazetecileri Eski\u015fehir \u015furas\u0131 toplanarak de\u011fim yerinde tarihe not d\u00fc\u015f\u00fcl\u00fcp zamana noterlik yap\u0131lm\u0131\u015ft\u0131. \n\n          T\u00fcrk D\u00fcnyas\u0131 1. Gazeteciler \u015euras\u0131n\u0131n Eski\u015fehir toplant\u0131s\u0131nda 30 ayr\u0131 T\u00fcrk cumhuriyeti ve akraba toplulu\u011fundan 100 e yak\u0131n gazeteci Eski\u015fehir\u2019e gelerek \u00f6ncelikle T\u00fcrk D\u00fcnyas\u0131nda \u00e7\u0131kan gazete ve yay\u0131n organlar\u0131n\u0131n sergisi a\u00e7\u0131lm\u0131\u015f ard\u0131ndan milli e\u011fitim bakan\u0131 Nabi Avc\u0131\u2019n\u0131n kat\u0131l\u0131m\u0131 ile zirve ger\u00e7ekle\u015fmi\u015fti. Zirvede \u00e7ok \u00f6nemli kararlar al\u0131nm\u0131\u015f, sonu\u00e7 bildirgesi kamuoyu ile payla\u015f\u0131lm\u0131\u015ft\u0131. \n\n        \u0130lk kez b\u00f6yle bir zirve toplan\u0131yordu. Eksi\u011fi ile fazlas\u0131yla T\u00fcrk D\u00fcnyas\u0131 gazetecilerinin Eski\u015fehir zirvesi \u00f6nemli bir ba\u015flang\u0131\u00e7 olmu\u015f bu zirvenin geleneksel hale getirilerek s\u00fcrd\u00fcr\u00fclmesi karar\u0131 al\u0131nm\u0131\u015ft\u0131. Bu \u00e7er\u00e7evede kurucu genel ba\u015fkan yard\u0131mc\u0131 oldum. D\u00fcnya Gazeteciler federasyonu T\u00fcrk D\u0131\u015f i\u015fleri bakanl\u0131\u011f\u0131 ve Tataristan ve D\u0131\u015f i\u015fleri bakanl\u0131\u011f\u0131 ile resmi g\u00f6r\u00fc\u015fmeler yaparak, D\u00fcnya gazeteciler federasyonu ve Tataristan medya birli\u011fi i\u015fbirli\u011fi yaparak, T\u00fcrk D\u00fcnyas\u0131 ikinci gazeteciler \u015euras\u0131n\u0131n T\u00fcrk D\u00fcnyas\u0131 2014-2015 K\u00fclt\u00fcr Ba\u015fkenti olan Tataristan\u2019\u0131n ba\u015fkenti Kazan\u2019da ger\u00e7ekle\u015ftirilmesine karar verilmi\u015fti. <\/code><\/pre>\n\n\n\n<p>T\u00dcRK D\u00dcNYASI\u2019NIN KALB\u0130 KAZANDA ATACAK<\/p>\n\n\n\n<pre class=\"wp-block-code\"><code>       Haz\u0131rl\u0131klar\u0131m\u0131z son a\u015famaya geldi. 26-29 May\u0131s 2015 tarihlerinde Tataristan\u2019\u0131n ba\u015fkenti Kazan\u2019da toplanacak T\u00fcrk D\u00fcnyas\u0131 gazeteciler \u015furas\u0131 i\u00e7in t\u00fcm haz\u0131rl\u0131klar ve resmi izinler al\u0131narak D\u00fcnya\u2019n\u0131n \u00e7e\u015fitli \u00fclkelerindeki de\u011fi\u015fik yerlerden 30 gazeteci T\u00fcrkiye\u2019den 20 gazeteci ve Tataristan\u2019dan da 50 gazetecinin kat\u0131l\u0131m\u0131 ile T\u00fcrk D\u00fcnyas\u0131 2. Gazeteciler \u015furas\u0131 ger\u00e7ekle\u015fecek. Zirve \u00e7er\u00e7evesinde sergiler, \u00e7e\u015fitli etkinlikler, k\u00fclt\u00fcrel \u00e7al\u0131\u015fmalar\u0131n yan\u0131 s\u0131ra sempozyum ve paneller organize edilecek. Bilimsel toplant\u0131larda T\u00fcrk D\u00fcnyas\u0131 medyas\u0131 ile ilgili g\u00f6r\u00fc\u015fler ve d\u00fc\u015f\u00fcnceler aktar\u0131lacak. Kazan\u2019a giden gazeteciler Tataristan ve Kazan ile ilgili tarihi ve k\u00fclt\u00fcrel yerleri de gezme imk\u00e2n\u0131 bulacaklar. Tataristan Cumhurba\u015fkanl\u0131\u011f\u0131n himayesinde ger\u00e7ekle\u015fecek zirvenin b\u00fcy\u00fck ilgi g\u00f6rmesi bekleniyor. <\/code><\/pre>\n\n\n\n<p>T\u00dcRK D\u00dcNYASI BELED\u0130YELER B\u0130RL\u0130\u011e\u0130 \u0130LE KAZAN GEZ\u0130S\u0130<\/p>\n\n\n\n<pre class=\"wp-block-code\"><code>       T\u00fcrk d\u00fcnyas\u0131 k\u00fclt\u00fcr etkinlikleri bir\u00e7ok alanda devam ediyor. Bu etkinliklere gazeteci ve belgesel y\u00f6netmeni olarak bizde kat\u0131larak haz\u0131rlad\u0131\u011f\u0131m\u0131z Devr-i Alem belgesel programlar\u0131 olarak katk\u0131 sunmay\u0131 s\u00fcrd\u00fcr\u00fcyoruz. Ge\u00e7ti\u011fimiz y\u0131l T\u00fcrk d\u00fcnyas\u0131 K\u00fclt\u00fcr ba\u015fkenti devir teslim t\u00f6renleri i\u00e7in T\u00fcrk D\u00fcnyas\u0131 Belediyeler Birli\u011fi ba\u015fkan\u0131 say\u0131n \u0130brahim Karaosmano\u011flu\u2019nun daveti ile Kazan\u2019a gitmi\u015f, Kazan\u2019da ki k\u00fclt\u00fcr etkinliklerini yak\u0131ndan takip etmi\u015ftik. Kazan, k\u00fclt\u00fcr tarihimizin \u00f6nemli bir merkezi. T\u00fcrk D\u00fcnyas\u0131 Belediyeler Birli\u011fi \u00fcyesi. Say\u0131n Karaosmano\u011flu\u2019nun ba\u015fkanl\u0131\u011f\u0131nda belediyeler birli\u011fi heyeti \u00e7e\u015fitli resmi temaslarda bulunmu\u015f bizde bu \u00e7al\u0131\u015fmalar\u0131 belgesel g\u00f6r\u00fcnt\u00fc haline getirerek televizyon kanallar\u0131na vermi\u015ftik. \u201cEski\u015fehir\u2019den Kazan\u2019a T\u00fcrk D\u00fcnyas\u0131 K\u00fclt\u00fcr Ba\u015fkenti \u201c belgeselimiz bug\u00fcn bir \u00e7ok televizyon kanal\u0131nda yay\u0131nlanmakta. T\u00fcrk d\u00fcnyas\u0131 gazeteciler \u015furas\u0131n\u0131n Kazan etkinliklerini de belgeselle\u015ftirerek, bir \u00e7ok televizyon kanal\u0131ndan yay\u0131nlanmas\u0131na ve sosyal medya \u00fczerinden yay\u0131nlayarak tarih ve k\u00fclt\u00fcr\u00fcm\u00fcze hizmet edece\u011fiz.\n\n            Tataristan ve Kazan ile bug\u00fcne kadar yazd\u0131\u011f\u0131m\u0131z yaz\u0131lar\u0131n linklerini sizlerle payla\u015f\u0131yoruz<\/code><\/pre>\n\n\n\n<p>http:\/\/www.belgeselyayincilik.com\/genel\/kazandan-idil-nehrine-islam-medeniyeti-belgeseli<br>http:\/\/www.belgeselyayincilik.com\/ismail-kahraman\/makaleler\/baskan-karaosmanoglu-ile-tataristan-turu<br>http:\/\/www.belgeselyayincilik.com\/ismail-kahraman\/makaleler\/tataristan%E2%80%99da-devri-alem<\/p>\n\n\n\n<p>T\u00dcRK D\u00dcNYASI GAZETEC\u0130LER\u0130 TATAR\u0130STAN\u2019DA<\/p>\n\n\n\n<pre class=\"wp-block-code\"><code>          T\u00fcrk D\u00fcnyas\u0131 Gazetecileri 26-29 May\u0131s 2015 tarihinde, Rusya Federasyonu Tataristan \u00d6zerk Cumhuriyeti ba\u015fkenti Kazan\u2019da yap\u0131lacak olan \u201c2. T\u00fcrk D\u00fcnyas\u0131 Gazeteciler \u015euras\u0131nda bir araya geliyor.\n\n       \u0130lki, Eski\u015fehir Valili\u011fi, K\u00fclt\u00fcr Ba\u015fkenti Ajans\u0131, Gazeteciler Cemiyetleri Bas\u0131n Vakf\u0131 ve D\u00fcnya Gazeteciler Federasyonu\u2019nun kat\u0131l\u0131m\u0131 ve katk\u0131s\u0131 ile 2014 y\u0131l\u0131nda T\u00fcrk D\u00fcnyas\u0131 K\u00fclt\u00fcr Ba\u015fkenti Eski\u015fehir\u2019de yap\u0131lm\u0131\u015ft\u0131. \n\n       \u015euraya, 30 \u00fclkeden 100\u2019\u00fcn \u00fczerinde gazetecinin kat\u0131lmas\u0131 beklenirken, ikincisinin ise, Tataristan \u00d6zerk Cumhuriyeti, TATMEDYA ve D\u00fcnya Gazeteciler Federasyonu\u2019nun ortak organizesi ve Gazeteciler Cemiyetleri Bas\u0131n Vakf\u0131\u2019n\u0131n kat\u0131l\u0131m\u0131 ve katk\u0131s\u0131 ile Tataristan Cumhuriyeti Cumhurba\u015fkan\u0131 R\u00fcstem Minnikhano\u2019nun himayelerinde Tataristan \u00d6zerk Cumhuriyeti ve T\u00fcrkiye Cumhuriyeti\u2019nin katk\u0131lar\u0131yla yap\u0131laca\u011f\u0131 belirtildi.\n\n      Etkinli\u011fin, ba\u015fta T\u00fcrk devletleri olmak \u00fczere \u00f6zere T\u00fcrk Cumhuriyetleri ile de\u011fi\u015fik \u00fclkelerde ya\u015fayan T\u00fcrk topluluklar\u0131 ve d\u00fcnyan\u0131n farkl\u0131 b\u00f6lgelerinde yay\u0131n hayat\u0131n\u0131 s\u00fcrd\u00fcren Gazete, Radyo, Televizyon, Dergi, \u0130nternet sitesi gibi \u00e7e\u015fitli yay\u0131n kurulu\u015flar\u0131n\u0131n sahip ve \u00e7al\u0131\u015fanlar\u0131n\u0131n kat\u0131laca\u011f\u0131 bir organizasyon olaca\u011f\u0131 kaydedildi.\n\n         \u00dc\u00e7 g\u00fcn s\u00fcrecek programda, sergi a\u00e7\u0131l\u0131\u015f\u0131, paneller ve \u00e7al\u0131\u015ftaylar\u0131n yan\u0131 s\u0131ra  Tataristan\u2019\u0131n tarihi, turistik yerleri ile g\u00fczelliklerinin g\u00f6r\u00fclece\u011fi geziler d\u00fczenlenecek.\n\n     D\u00fcnya Gazeteciler Federasyonu Genel Ba\u015fkan\u0131 Menderes Demir, \u201c2. T\u00fcrk D\u00fcnyas\u0131 Gazeteciler \u015euras\u0131\u201dn\u0131n amac\u0131n\u0131n Rusya Federasyonu Tataristan \u00d6zerk Cumhuriyeti\u2019nin tarihi, turistik yerleri ve k\u00fclt\u00fcr\u00fcn\u00fc T\u00fcrk D\u00fcnyas\u0131 ve d\u00fcnyaya yaymak oldu\u011funu s\u00f6yledi.<\/code><\/pre>\n\n\n\n<p>Demir, konu\u015fmas\u0131n\u0131 \u015f\u00f6yle s\u00fcrd\u00fcrd\u00fc:<\/p>\n\n\n\n<pre class=\"wp-block-code\"><code>      \u201cTataristan\u2019da hizmet veren medya mensuplar\u0131n\u0131n T\u00fcrk D\u00fcnyas\u0131 medya mensuplar\u0131 ile bulu\u015fmas\u0131n\u0131 sa\u011flamak, medya mensuplar\u0131 aras\u0131ndaki bilgi al\u0131\u015fveri\u015fleri, tan\u0131\u015fma, mesleki dayan\u0131\u015fmay\u0131 temin etmek, problemlerini m\u00fc\u015fterek konu\u015farak \u00e7\u00f6z\u00fcm yollar\u0131n\u0131 yetkililere iletmektir. Yine meslekta\u015flar\u0131m\u0131z ile birlikte Rusya Federasyonu, Tataristan \u00d6zerk Cumhuriyeti ve T\u00fcrk D\u00fcnyas\u0131\u2019na daha iyi nas\u0131l hizmet edilebiliriz, bu birliktelikten insanl\u0131k nas\u0131l faydalan\u0131r, bunun yol ve y\u00f6ntemlerini arayarak hayata nas\u0131l ge\u00e7irebiliriz.\u201d<\/code><\/pre>\n\n\n\n<p>GAZETEC\u0130LER ESK\u0130\u015eEH\u0130R&#8217;DE BULU\u015eTU! (22 Mart 2014)<\/p>\n\n\n\n<pre class=\"wp-block-code\"><code>          Eski\u015fehir, 3 g\u00fcn boyunca T\u00fcrk D\u00fcnyas\u0131 Gazetecileri'ni a\u011f\u0131rlad\u0131. 30 \u00dclkeden 300'den fazla gazeteci Eski\u015fehir'de bulu\u015ftu. \u0130smail Kahraman, Avrasya Gazeteciler, Radyocular ve Televizyoncular Derne\u011fi Genel ba\u015fkan\u0131 olarak davet edildi\u011fi \u015e\u00fbra\u2019da Kocaeli ve Anadolu bas\u0131n\u0131n\u0131 temsil etti.\n\n         T\u00fcrk D\u00fcnyas\u0131 K\u00fclt\u00fcr ba\u015fkenti olan Eski\u015fehir, T\u00fcrk d\u00fcnyas\u0131 Gazeteciler \u015e\u00fbras\u0131\u2019na da ev sahipli\u011fi yapt\u0131. 30 \u00fclkeden 300\u2019den fazla gazetecinin yer ald\u0131\u011f\u0131 \u015eura\u2019da AGRT Genel ba\u015fkan\u0131 \u0130smail Kahraman \u015eura\u2019y\u0131 ba\u015ftan sona takip etti. \u015eura\u2019da konu\u015fma yapan \u0130smail Kahraman, T\u00fcrk d\u00fcnyas\u0131 Haber Ajans\u0131\u2019n\u0131n kurulmas\u0131 gerekti\u011fini belirtti. Kahraman, T\u00fcrki Cumhuriyetlerin birbirleriyle ileti\u015fiminin sa\u011flamas\u0131, do\u011fru haber ak\u0131\u015f\u0131n\u0131n h\u0131z bir \u015fekilde ula\u015fmas\u0131 i\u00e7in ajans\u0131n gerekli oldu\u011funu belirterek b\u00f6ylelikle soyda\u015flar\u0131n birbirlerinden daha kolay haber almalar\u0131n\u0131n sa\u011flanaca\u011f\u0131n\u0131, ili\u015fkilerin daha canl\u0131 tutulaca\u011f\u0131n\u0131 belirtti. Kahraman\u2019\u0131n bu \u00f6nerisi \u015eura\u2019da b\u00fcy\u00fck destek g\u00f6rd\u00fc.<\/code><\/pre>\n\n\n\n<p>BAKAN AVCI DA KATILDI<\/p>\n\n\n\n<pre class=\"wp-block-code\"><code>         Eski\u015fehir 2013 T\u00fcrk D\u00fcnyas\u0131 K\u00fclt\u00fcr Ba\u015fkentli\u011fi etkinlikleri kapsam\u0131nda d\u00fczenlenen T\u00fcrk D\u00fcnyas\u0131 Gazeteciler \u015euras\u0131\u00b4na kat\u0131lan Milli E\u011fitim Bakan\u0131 Prof. Dr. Nabi Avc\u0131, internetin habere eri\u015fimin merkezine yerle\u015fmeye ba\u015flad\u0131\u011f\u0131n\u0131 s\u00f6yledi. Anadolu \u00dcniversitesi \u00d6\u011frenci Merkezi Salonu\u00b4nda ger\u00e7ekle\u015ftirilen etkinli\u011fe; Milli E\u011fitim Bakan\u0131 Prof. Dr. Nabi Avc\u0131, Ak Parti Eski\u015fehir Milletvekili Salih Koca, Eski\u015fehir Valisi G\u00fcng\u00f6r Azim Tuna, Anadolu \u00dcniversitesi (A\u00fc) Rekt\u00f6r\u00fc Prof. Dr. Naci G\u00fcndo\u011fan, T\u00fcrkiye Gazeteciler Federasyonu Genel Ba\u015fkan\u0131 Atilla Sertel, D\u00fcnya Gazeteciler Federasyonu Ba\u015fkan\u0131 Menderes Demir, Uluslararas\u0131 T\u00fcrk K\u00fclt\u00fcr\u00fc Te\u015fkilat\u0131 (T\u00dcRKSOY) Genel Sekreteri D\u00fcsen Kaseinov, yerli ve yabanc\u0131 bas\u0131n mensuplar\u0131 ile \u00e7ok say\u0131da ilgili kat\u0131ld\u0131.<\/code><\/pre>\n\n\n\n<p>B\u00dcY\u00dcK FIRSAT<\/p>\n\n\n\n<pre class=\"wp-block-code\"><code>     Etkinlikte konu\u015fan Milli E\u011fitim Bakan\u0131 Prof. Dr. Nabi Avc\u0131, T\u00fcrk D\u00fcnyas\u0131 K\u00fclt\u00fcr Ba\u015fkenti kapsam\u0131nda \u00f6nemli bir etkinlik daha ger\u00e7ekle\u015ftirildi\u011fini s\u00f6yledi. \u015eura boyunca medya ve ileti\u015fim ana ba\u015fl\u0131\u011f\u0131 alt\u0131nda k\u00fcreselle\u015fme ve bu s\u00fcre\u00e7te ortaya \u00e7\u0131kan ileti\u015fim geli\u015fmelerinin konu\u015fulaca\u011f\u0131n\u0131, ayr\u0131ca T\u00fcrk D\u00fcnyas\u0131 Kad\u0131n Gazeteciler Zirvesi ile T\u00fcrk D\u00fcnyas\u0131 Gazeteciler \u00c7al\u0131\u015ftay\u0131\u00b4n\u0131n yap\u0131laca\u011f\u0131n\u0131 belirten Bakan Avc\u0131, \"Bu sayede, farkl\u0131 \u00fclkelerdeki bas\u0131n camialar\u0131n\u0131 temsil eden gazeteci arkada\u015flar\u0131m\u0131z\u0131n kar\u015f\u0131l\u0131kl\u0131 olarak birbirlerini tan\u0131malar\u0131, birbirlerinin sorunlar\u0131n\u0131, ufuklar\u0131n\u0131 daha iyi anlamalar\u0131, projelerini payla\u015fmalar\u0131 i\u00e7in \u00f6nemli bir f\u0131rsat ve imkan do\u011facak\" ifadelerini kulland\u0131. \"Modernle\u015fme ser\u00fcvenimizin lokomotif g\u00fc\u00e7lerinden biri yay\u0131nland\u0131klar\u0131 d\u00f6nemin ruhunu ta\u015f\u0131yan gazeteler oldu\" diyen Avc\u0131, \"Dolay\u0131s\u0131yla gazetecilik mesle\u011fi ve gazetecilerimizle e\u015f g\u00fcd\u00fcml\u00fc ilerleyen bir modernle\u015fme s\u00fcreci ya\u015fad\u0131k. Takvim-i Vakayi ve Terc\u00fcman-\u0131 Ahval gibi s\u00fcreli yay\u0131nlar, ilerleme ve geli\u015fme ser\u00fcvenimizin ana duraklar\u0131 oldu. Bildi\u011finiz gibi gazeteler ileti\u015fim arac\u0131 olarak \u00f6nemli bir misyonu temsil ediyorlar ancak gazete zamanla bu g\u00fcc\u00fcn\u00fc radyo, televizyon ve internet gibi \u00e7e\u015fitlenmeye ba\u015flayan medya ara\u00e7lar\u0131yla payla\u015fmaya ba\u015flad\u0131\" dedi.<\/code><\/pre>\n\n\n\n<p>YEN\u0130 KAPILAR A\u00c7ILACAKTIR<\/p>\n\n\n\n<pre class=\"wp-block-code\"><code>         Uzun vadede daha kaliteli haber ve bilgi payla\u015f\u0131m\u0131 i\u00e7in yeni kap\u0131lar\u0131n a\u00e7\u0131laca\u011f\u0131na inand\u0131\u011f\u0131n\u0131 kaydeden Avc\u0131, \"Teknolojinin sa\u011flad\u0131\u011f\u0131 imkanlarla, \u00f6zellikle bili\u015fim teknolojisinde \u00e7ok farkl\u0131 uygulamalar do\u011fdu. Cep telefonunun da birey ve toplum hayat\u0131na girmesiyle birlikte sosyal medya \u00f6n plana \u00e7\u0131kt\u0131. Nitelikli haber ve bilginin yerini ilk etapta dedikodu, sansasyon ve e\u011flence alm\u0131\u015f gibi g\u00f6r\u00fcnse de geli\u015fen ve yayg\u0131nla\u015fan farkl\u0131 platformlar arac\u0131l\u0131\u011f\u0131yla uzun vadede daha nitelikli bir ileti\u015fim a\u011f\u0131, kaliteli haber ve bilgi payla\u015f\u0131m\u0131 i\u00e7in yeni kap\u0131lar a\u00e7\u0131lacakt\u0131r. Biz de Milli E\u011fitim Bakanl\u0131\u011f\u0131 olarak \u00f6\u011frencilerimizi bu y\u00f6nde e\u011fitmek, bilgiyle donatmak ve bilin\u00e7lendirmek i\u00e7in medya okuryazarl\u0131\u011f\u0131 dersini programlar\u0131m\u0131za koyduk. Fatih Projesi kapsam\u0131nda kurdu\u011fumuz \u00b4EBA Portal\u00b4 ile faydal\u0131 web i\u00e7erikleri ve medya hizmeti sunmaya ba\u015flad\u0131k\" diye konu\u015ftu.<\/code><\/pre>\n\n\n\n<p>SOSYAL MEDYA HABERC\u0130L\u0130\u011e\u0130<\/p>\n\n\n\n<pre class=\"wp-block-code\"><code>            Bilgi ve haberin \u00e7ok kolay yay\u0131ld\u0131\u011f\u0131, \u00e7ok h\u0131zl\u0131 bir bi\u00e7imde t\u00fcketildi\u011fi bir \u00e7a\u011fda ya\u015fad\u0131\u011f\u0131m\u0131za dikkat \u00e7eken Bakan Avc\u0131, \"B\u00f6yle bir \u00e7a\u011fda ilimizde ger\u00e7ekle\u015ftirilen \u015fura, meseleye \u00e7ok y\u00f6nl\u00fc bakmak a\u00e7\u0131s\u0131ndan b\u00fcy\u00fck \u00f6nem ta\u015f\u0131yor. Hem \u00fclkemizin yerel ve ulusal bas\u0131n mensuplar\u0131n\u0131n hem de dost ve karde\u015f \u00fclkelerin bas\u0131n camias\u0131n\u0131n kat\u0131l\u0131m\u0131yla ger\u00e7ekle\u015fen bu organizasyon birbirimize ayna tutmak a\u00e7\u0131s\u0131ndan \u00f6nemli bir i\u015flev g\u00f6recek. Konu\u015fmam\u0131z ve payla\u015fmam\u0131z gereken bir\u00e7ok mesele var. Birbirimizle payla\u015faca\u011f\u0131m\u0131z, birbirimize \u00f6nerece\u011fimiz veya \u00f6\u011fretece\u011fimiz \u00e7ok \u015fey oldu\u011funa inan\u0131yorum. Az \u00f6nce de vurgulad\u0131\u011f\u0131m gibi \u00f6yle bir zamanday\u0131z ki bilgi ve haber anl\u0131k t\u00fcketiliyor. Yak\u0131n zamanda dergiler ayl\u0131k\/haftal\u0131k, gazeteler g\u00fcnl\u00fck, radyo\/televizyon saatlik bilgi ve haber iletirken, \u015fimdi sosyal medyayla birlikte bilgi ve haber anl\u0131k iletiliyor ve t\u00fcketiliyor\" \u015feklinde konu\u015ftu.<\/code><\/pre>\n\n\n\n<p>SIKINTILAR VAR<\/p>\n\n\n\n<pre class=\"wp-block-code\"><code>        Avc\u0131, \"Lokal haber \u00fcretim s\u00fcre\u00e7lerinde \u00e7ok ciddi s\u0131k\u0131nt\u0131lar ya\u015fan\u0131yor\" diyerek \u015f\u00f6yle devam etti: \"E\u011fitimden kentle\u015fmeye, sa\u011fl\u0131ktan ileti\u015fime kadar her alanda g\u00f6r\u00fc\u015f ve \u00f6nerilerimiz olmal\u0131. Bilgi ve ileti\u015fim \u00e7a\u011f\u0131nda siz gazeteci karde\u015flerimizin ileti\u015fimi hayati \u00f6nem kazan\u0131yor. Bu ileti\u015fimin en \u00f6nemli ortak paydas\u0131 etik \u00fcretmek, i\u00e7selle\u015ftirilmi\u015f bas\u0131n ilkelerini belirlemek ve k\u00fcresel bir bas\u0131n ahlak\u0131 olu\u015fturmakt\u0131r. B\u00f6yle bir ileti\u015fimi \u00e7ok acil ve elzem g\u00f6r\u00fcyorum. Bug\u00fcn haber kaynaklar\u0131m\u0131z\u0131n, gazetelerimizin, yerel, ulusal ve k\u00fcresel haberlerin b\u00fcy\u00fck bir b\u00f6l\u00fcm\u00fcn\u00fc ajanslar kar\u015f\u0131l\u0131yor. Bu bir mecburiyet \u00e7\u00fcnk\u00fc lokal haber \u00fcretim s\u00fcre\u00e7lerinde \u00e7ok ciddi s\u0131k\u0131nt\u0131lar ya\u015fan\u0131yor. Di\u011fer yandan ki\u015fisel ve grupsal g\u00f6r\u00fc\u015flerin y\u00f6nlendirdi\u011fi yanl\u0131 haber \u00fcretimi, haber alma ve do\u011fru bilgilenme hakk\u0131n\u0131 tehdit ediyor. Yorum ve tart\u0131\u015fmalar\u0131m\u0131z da nitelikli ve \u00e7ok boyutlu bir yap\u0131ya kavu\u015famamas\u0131 nedeniyle ciddi bir d\u00fczey kayb\u0131 ya\u015fan\u0131yor. Ayn\u0131 durum g\u00f6r\u00fcnt\u00fcl\u00fc ve sesli yay\u0131nc\u0131l\u0131k i\u00e7in de ge\u00e7erli. G\u00fcn\u00fcm\u00fcze ait medya bi\u00e7im ve i\u00e7eri\u011fine dair standartlar hen\u00fcz netle\u015fmi\u015f de\u011fil. Di\u011fer yandan do\u011fru bilgilendirilme hakk\u0131 ve bas\u0131n \u00f6zg\u00fcrl\u00fc\u011f\u00fc ile ki\u015filerin bireysel hak ve h\u00fcrriyetleri, ki\u015fisel mahremiyet aras\u0131nda bir denge kurulabilmi\u015f de\u011fil. D\u00fcnyada habere ula\u015fmak i\u00e7in televizyon, gazete, radyo ve internet gibi ara\u00e7lar\u0131n kullan\u0131m\u0131 \u00fczerine yap\u0131lan ara\u015ft\u0131rmalar g\u00f6stermektedir ki, internet art\u0131k habere eri\u015fimin merkezine yerle\u015fmeye ba\u015fl\u0131yor. Bu noktada \u015fu an ger\u00e7ekle\u015fen \u015fura tarz\u0131ndaki etkinlikler ortak akl\u0131 olu\u015fturmak anlam\u0131nda \u00f6nem kazan\u0131yor.\"<\/code><\/pre>\n\n\n\n<p>KARACA HEDEFLER\u0130N\u0130 A\u00c7IKLADI<\/p>\n\n\n\n<pre class=\"wp-block-code\"><code>            A\u00e7\u0131l\u0131\u015f t\u00f6reninde ilk s\u00f6z\u00fc alan Gazeteciler Cemiyetleri Bas\u0131n Vakf\u0131 Ba\u015fkan\u0131 Y\u0131lmaz Karaca, \u201cT\u00fcrk D\u00fcnyas\u0131 1. Gazeteciler \u015euras\u0131\u00b4n\u0131n amac\u0131, ba\u015fta T\u00fcrk Cumhuriyetlerindeki gazeteci meslekta\u015flar\u0131m\u0131z olmak \u00fczere, T\u00fcrk Akraba Topluluklar\u0131 Gazetecileri ve Avrupa \u00fclkelerindeki meslekta\u015flar\u0131m\u0131z\u0131 bir araya getirmek, onlar\u0131n mesleki ve k\u00fclt\u00fcrel payla\u015f\u0131mda bulunmalar\u0131n\u0131 sa\u011flamakt\u0131r. Meslekta\u015flar\u0131m\u0131z\u0131n, \u00f6ncelikle bulunduklar\u0131 \u00fclkelerin yasalar\u0131na uymak kayd\u0131yla daha \u00f6zg\u00fcr, daha g\u00fc\u00e7l\u00fc ve daha bilin\u00e7li gazetecilik yapmalar\u0131na \u00f6nc\u00fcl\u00fck etmeyi, onlar\u0131 de\u011fi\u015fen ve geli\u015fen medya d\u00fcnyas\u0131yla bulu\u015fturmay\u0131 hedeflemekteyiz\u201d dedi.<\/code><\/pre>\n\n\n\n<p>VAL\u0130 \u015eURA\u2019NIN \u00d6NEM\u0130N\u0130 ANLATTI<\/p>\n\n\n\n<pre class=\"wp-block-code\"><code>            T\u00fcrk D\u00fcnyas\u0131 I. Gazeteciler \u015euras\u0131\u2019n\u0131n tarih\u00ee bir \u00f6neme sahip oldu\u011funu ifade ederek konu\u015fmas\u0131na ba\u015flayan Eski\u015fehir Valisi G\u00fcng\u00f6r Azim Tuna ise \u201cZira K\u00fclt\u00fcr Ba\u015fkentli\u011fi kapsam\u0131nda \u015fehrimizde g\u00fczel bir ilk\u2019e daha ev sahipli\u011fi yap\u0131yoruz\u201d dedi. \u015eura ile T\u00fcrk d\u00fcnyas\u0131 bas\u0131n\u0131n\u0131n vizyonu i\u00e7in ortak ak\u0131l geli\u015ftirmeyi ve bu kapsamda uluslararas\u0131 bir i\u015f k\u00fclt\u00fcr\u00fcn\u00fcn temellerini atmay\u0131 ama\u00e7lad\u0131klar\u0131n\u0131 belirten Vali Tuna,  s\u00f6zlerine \u015f\u00f6yle devam etti:\n\n          \u201c30 \u00fclkeden 100, yurt i\u00e7inden de 60\u2019\u0131n \u00fczerinde ilden gelen 250 gazeteci olmak \u00fczere toplam 350 bas\u0131n mensubu aras\u0131nda ileti\u015fim, diyalog ve mesleki birikimlerin payla\u015f\u0131laca\u011f\u0131 bu bulu\u015fma, \u015fehrimizde ger\u00e7ekle\u015ftirdi\u011fimiz 250\u2019yi a\u015fan uluslararas\u0131 etkinliklerden sadece biridir. \u201cT\u00fcrk D\u00fcnyas\u0131 1. Gazeteciler \u015euras\u0131\u201dnda yasalara uygun ve daha bilin\u00e7li gazetecilik yap\u0131lmas\u0131na \u00f6nc\u00fcl\u00fck etmek, gazetecileri de\u011fi\u015fen ve geli\u015fen medya d\u00fcnyas\u0131yla bulu\u015fturmak  hedeflerimiz aras\u0131nda yer almaktad\u0131r. \u015eura kapsam\u0131nda d\u00fczenlenecek \u00e7al\u0131\u015ftay, panel, zirve ve sergi ile d\u00fcnyada geli\u015fen gazetecilik ve ileti\u015fim teknolojisi ba\u015fta olmak \u00fczere, medyan\u0131n g\u00fcn\u00fcm\u00fczde geldi\u011fi nokta ve gelecekte bi\u00e7imlenece\u011fi durum da de\u011ferlendirilecektir.<\/code><\/pre>\n\n\n\n<p>M\u0130LL\u0130 K\u00dcLT\u00dcR<\/p>\n\n\n\n<pre class=\"wp-block-code\"><code>         Bir milleti millet yapan unsurlar\u0131n ba\u015f\u0131nda mill\u00ee k\u00fclt\u00fcr geldi\u011finin alt\u0131n\u0131 \u00e7izen Vali Tuna, konu\u015fmas\u0131n\u0131n devam\u0131nda \u015funlar\u0131 s\u00f6yledi: \u201cMill\u00ee k\u00fclt\u00fcr\u00fc olu\u015fturan unsurlar aras\u0131nda da gelenekler, inan\u00e7lar, bayramlar \u00f6nemli bir yere sahiptir. Bu \u00e7er\u00e7evede, Nevruz Bayram\u0131, mill\u00ee benli\u011fin ve mill\u00ee kimli\u011fin korunmas\u0131n\u0131 sa\u011flayan ortak zenginli\u011fimizdir. Bu bayram, ayr\u0131ca T\u00fcrk D\u00fcnyas\u0131\u2019n\u0131n g\u00f6n\u00fcl birli\u011fi i\u00e7in b\u00fcy\u00fck bir f\u0131rsatt\u0131r. Bu f\u0131rsat\u0131 iyi de\u011ferlendirmenizi istirham ediyorum siz de\u011ferli gazetecilerden. Ecdad\u0131m\u0131z\u0131n devlet gelene\u011finde \u00f6nemli yeri olan Nevruz\u2019u b\u00fct\u00fcn d\u00fcnyaya iyi anlatman\u0131z, hem mill\u00ee k\u00fclt\u00fcr\u00fcm\u00fcz hem de T\u00fcrk d\u00fcnyas\u0131 g\u00f6n\u00fcl birli\u011fi i\u00e7in hayati \u00f6neme sahiptir. Biz Nevruz denilince T\u00fcrk d\u00fcnyas\u0131n\u0131n farkl\u0131 b\u00f6lgelerinde Milattan \u00d6nce 3. y\u00fczy\u0131ldan beri farkl\u0131 isimlerle varl\u0131\u011f\u0131n\u0131 s\u00fcrd\u00fcren co\u015fkulu bir bayram g\u00f6r\u00fcyoruz. Biz Nevruz denilince T\u00fcrk d\u00fcnyas\u0131n\u0131 g\u00f6r\u00fcyoruz. Biz Nevruz denilince farkl\u0131 din ve mezheplerin sevgi ve ho\u015fg\u00f6r\u00fc ile bir araya geldi\u011fini g\u00f6r\u00fcyoruz. Nevruz demek dostluk, bar\u0131\u015f, huzur ve \u00fcmit demektir.\u201d<\/code><\/pre>\n\n\n\n<p>T\u00dcRKSOY \u00d6D\u00dcLLER\u0130 VER\u0130LD\u0130<\/p>\n\n\n\n<pre class=\"wp-block-code\"><code>           T\u00dcRKSOY Genel Sekreteri D\u00fcsen Kaseinov ise, T\u00fcrk D\u00fcnyas\u0131 K\u00fclt\u00fcr Ba\u015fkenti Ajans\u0131 ve T\u00fcrkiye Gazeteciler Cemiyetleri Bas\u0131n Vakf\u0131\u00b4n\u0131n i\u015f birli\u011fiyle ger\u00e7ekle\u015ftirilen bu \u00f6zel organizasyonun, T\u00fcrkiye ve kurumlar\u0131 aras\u0131nda mevcut olan ileti\u015fimi g\u00fc\u00e7lendirilece\u011fini ve mesleki birikimlerin aktar\u0131lmas\u0131yla kat\u0131lan herkesin fayda sa\u011flayaca\u011f\u0131n\u0131 anlatt\u0131. Konu\u015fman\u0131n ard\u0131ndan etkinli\u011fe kat\u0131lanlara te\u015fekk\u00fcr plaketi verildi. Daha sonra T\u00dcRKSOY Bas\u0131n \u00d6d\u00fclleri; Bakan Avc\u0131, Vali Tuna, Milletvekili Koca, T\u00dcRKSOY Genel Sekreteri Kaseinov taraf\u0131ndan \u00f6d\u00fcl sahiplerine verildi.<\/code><\/pre>\n\n\n\n<p>T\u00dcRK D\u00dcNYASI GAZETEC\u0130LER\u0130 ESK\u0130\u015eEH\u0130R DEKLARASYONU-22 Mart-2014<\/p>\n\n\n\n<pre class=\"wp-block-code\"><code>    19-22 Mart 2014 tarihlerinde Eski\u015fehir\u2019de, T\u00fcrk Cumhuriyetleri ve T\u00fcrk Akraba Topluluklar\u0131 ile Avrupa\u2019dan toplam 350 gazetecinin kat\u0131l\u0131m\u0131yla d\u00fczenlenen \u201c1.T\u00dcRK D\u00dcNYASI GAZETEC\u0130LER \u015eURASI\u201d<\/code><\/pre>\n\n\n\n<p>ESK\u0130\u015eEH\u0130R DEKLARASYONU:<\/p>\n\n\n\n<ol class=\"wp-block-list\">\n<li>T\u00fcrk d\u00fcnyas\u0131 medya mensuplar\u0131 aras\u0131nda ileti\u015fim a\u011f\u0131 kurularak, kar\u015f\u0131l\u0131kl\u0131 bilgi payla\u015f\u0131m\u0131 ve i\u015fbirli\u011fi g\u00fc\u00e7lendirilecektir.<\/li>\n\n\n\n<li>T\u00fcrk d\u00fcnyas\u0131 medya mensuplar\u0131, evrensel insan haklar\u0131n\u0131n savunulmas\u0131, b\u00f6lge ve d\u00fcnya bar\u0131\u015f\u0131na katk\u0131 sunulmas\u0131 y\u00f6n\u00fcnde \u00e7aba sarfedecektir. Medyada nefret ve d\u00fc\u015fmanl\u0131k s\u00f6ylemlerinin \u00f6n\u00fcne ge\u00e7ilerek sevgi, iyi niyet ve bar\u0131\u015f dilinin te\u015fvik<br>edilmesi kararla\u015ft\u0131r\u0131lm\u0131\u015ft\u0131r.<\/li>\n\n\n\n<li>\u201cT\u00dcRK D\u00dcNYASI HABER AJANSI\u201d ad\u0131 alt\u0131nda bir olu\u015fumun temel ihtiya\u00e7 oldu\u011fu belirlenmi\u015ftir. Bu sebeple bir haber<br>ajans\u0131n\u0131n kurulmas\u0131 ile ilgili temeller at\u0131lm\u0131\u015f ve \u00fcretilen haberlerin d\u00fcnyaya ula\u015ft\u0131r\u0131lmas\u0131na karar verilmi\u015ftir.<\/li>\n\n\n\n<li>T\u00dcRK D\u00dcNYASI GAZETEC\u0130LER\u0130, T\u00fcrk d\u00fcnyas\u0131na y\u00f6nelik hizmet eden t\u00fcm kurum ve kurulu\u015flarla m\u00fc\u015fterek \u00e7al\u0131\u015fmalarda bulunmay\u0131 taahh\u00fct etmektedir.<\/li>\n\n\n\n<li>T\u00fcrk d\u00fcnyas\u0131nda, bas\u0131n \u00f6zg\u00fcrl\u00fc\u011f\u00fcn\u00fcn ihlali durumunda ilgili \u00fclkelere gerekli uyar\u0131larda bulunarak, ortak imzal\u0131 bas\u0131n bildirileri yay\u0131nlanacakt\u0131r. Ayn\u0131 \u015fekilde t\u00fcm D\u00fcnyada bas\u0131n \u00f6zg\u00fcrl\u00fc\u011f\u00fcyle ilgili ihlallerde duyarl\u0131 olunacak ve demokrasinin teminat\u0131 olarak halk\u0131n haber alma hakk\u0131 savunulacakt\u0131r.<\/li>\n\n\n\n<li>T\u00fcrk d\u00fcnyas\u0131 kad\u0131n gazetecileri, ya\u015fanan problemleri de\u011ferlendirerek; \u201cT\u00fcrk D\u00fcnyas\u0131 Kad\u0131n Gazeteciler Derne\u011fi\u201dnin kurulmas\u0131na karar verilmi\u015ftir.<\/li>\n\n\n\n<li>T\u00fcrk d\u00fcnyas\u0131nda bas\u0131n ve ifade \u00f6zg\u00fcrl\u00fc\u011f\u00fcn\u00fcn, evrensel hukuk \u00e7er\u00e7evesine oturtulmas\u0131 ka\u00e7\u0131n\u0131lmaz bir zarurettir. Medyaya y\u00f6nelik sans\u00fcr kabul edilemez. Ancak, medya da ki\u015fi hak ve h\u00fcrriyeti ile mahremiyetin korunmas\u0131 ilkesine \u00f6zen g\u00f6stermelidir.<\/li>\n\n\n\n<li>Anadolu Ajans\u0131\u2019n\u0131n; \u00fclke d\u0131\u015f\u0131ndaki T\u00fcrk medyas\u0131na \u00fccretsiz, T\u00fcrkiye\u2019deki yerel medyaya ise daha uygun \u00fccretle hizmet vermesi beklenmektedir.<\/li>\n\n\n\n<li>Suriye\u2019deki i\u00e7 sava\u015fta ya\u015fanan dram ve \u00f6zellikle T\u00fcrkmenlere y\u00f6nelik insan haklar\u0131 ihlalleri \u015fiddetle k\u0131nanmaktad\u0131r. Hakk\u0131nda haber al\u0131namayan kay\u0131p Gazeteci Be\u015f\u015far Kaddumi\u2019nin ak\u0131betiyle ilgili Suriye yetkililerinin a\u00e7\u0131klama yapmas\u0131 beklenmektedir.<\/li>\n\n\n\n<li>K\u0131r\u0131m\u2019daki son geli\u015fmeler kabul edilemez. Ukrayna\u2019n\u0131n toprak b\u00fct\u00fcnl\u00fc\u011f\u00fc korunmal\u0131 ve sorunlar\u0131n \u00e7\u00f6z\u00fcm\u00fc demokratik yollarla sa\u011flanmal\u0131d\u0131r.<\/li>\n\n\n\n<li>Do\u011fu T\u00fcrkistan T\u00fcrklerine yap\u0131lan insan haklar\u0131 ihlalleri ve d\u00fcnyan\u0131n tutumu vicdanlar\u0131 yaralamaktad\u0131r. Uluslararas\u0131 kurum ve kurulu\u015flar, Uygurlara uygulanan insanl\u0131k d\u0131\u015f\u0131 muamelenin engellenmesi i\u00e7in gereken ad\u0131mlar\u0131 atmal\u0131d\u0131r. Ayr\u0131ca \u00c7in polisi taraf\u0131ndan rejim kar\u015f\u0131t\u0131 su\u00e7 i\u015fledi\u011fi gerek\u00e7esiyle g\u00f6zalt\u0131na al\u0131nan gazeteci-akademisyen \u0130lham Tohti i\u00e7in d\u00fcnyada g\u00fcndem olu\u015fturulmal\u0131 ve uluslararas\u0131 insan haklar\u0131 kurulu\u015flar\u0131n\u0131n g\u00f6zetiminde yeniden yarg\u0131lanmas\u0131 sa\u011flanmal\u0131d\u0131r.<\/li>\n\n\n\n<li>Karaba\u011f\u2019daki i\u015fgal kabul edilemez. Uluslararas\u0131 toplum, Ermenistan\u2019\u0131n i\u015fgal etti\u011fi Azerbaycan topraklar\u0131n\u0131 terk etmesini sa\u011flamal\u0131d\u0131r.<\/li>\n\n\n\n<li>Irak T\u00fcrklerinin ya\u015fad\u0131\u011f\u0131 \u00f6zellikle Tuzhurmatu ve Kerk\u00fck\u2019teki \u015fiddete son verilmeli, T\u00fcrkmenlerin g\u00fcvenlikleri ve t\u00fcm haklar\u0131 Irak\u2019\u0131n toprak b\u00fct\u00fcnl\u00fc\u011f\u00fc i\u00e7erisinde korunmal\u0131d\u0131r.<\/li>\n\n\n\n<li>\u0130ran\u2019da ya\u015fayan T\u00fcrklerin demokratik hak ve \u00f6zg\u00fcrl\u00fckleri korunmal\u0131. \u0130ran\u2019\u0131n Azerbaycan eyaletleri b\u00f6lgesinde bulunan Urumiye G\u00f6l\u00fc\u2019n\u00fcn kurumas\u0131, b\u00f6lgede ya\u015fayan halk\u0131n sa\u011fl\u0131\u011f\u0131n\u0131 tehdit etmektedir. Hem bu sorunun, hem de \u0130ran s\u0131n\u0131rlar\u0131 i\u00e7erisinde yer alan T\u00fcrkmensahra b\u00f6lgesinde ya\u015fanan s\u0131k\u0131nt\u0131lar\u0131n giderilmesi y\u00f6n\u00fcnde, yeni Cumhurba\u015fkan\u0131 taraf\u0131ndan verilen s\u00f6zlerin yerine getirilmesini beklemekteyiz. Her iki konuda \u0130ran y\u00f6netimine yeni bir \u00e7a\u011fr\u0131 yap\u0131lmas\u0131na karar verilmi\u015ftir.<\/li>\n\n\n\n<li>Avrupa\u2019da y\u00fckselen \u0131rk\u00e7\u0131l\u0131k ve \u0130slamofobya, T\u00fcrkleri ve di\u011fer M\u00fcsl\u00fcman az\u0131nl\u0131klar\u0131 tehdit etmektedir. Bu sorunun \u00e7\u00f6z\u00fcm\u00fc i\u00e7in birlikte ya\u015fama k\u00fclt\u00fcr\u00fcn\u00fc geli\u015ftirici ad\u0131mlar at\u0131lmal\u0131d\u0131r.<\/li>\n\n\n\n<li>Afganistan T\u00fcrklerinin e\u011fitimi konusunda gerekli giri\u015fimlerde bulunulmal\u0131d\u0131r.<\/li>\n\n\n\n<li>Ba\u011f\u0131ms\u0131zl\u0131\u011f\u0131n\u0131 ilan ederek T\u00fcrk d\u00fcnyas\u0131na kat\u0131lma ad\u0131m\u0131 atan \u00fclkelerin uluslararas\u0131 boyutta tan\u0131nmamalar\u0131yla ilgili \u00e7a\u011fr\u0131da bulunulmas\u0131 kararla\u015ft\u0131r\u0131lm\u0131\u015ft\u0131r.<\/li>\n\n\n\n<li>T\u00fcrk d\u00fcnyas\u0131 \u00fclkelerinde ya\u015fayanlar\u0131n ileti\u015fiminin \u00e7ok daha sa\u011fl\u0131kl\u0131 ve verimli bir \u015fekilde yap\u0131labilmesi i\u00e7in T\u00fcrkiye T\u00fcrk\u00e7esi\u2019nin, ortak ileti\u015fim dili olarak T\u00fcrk D\u00fcnyas\u0131 topluluklar\u0131 taraf\u0131ndan benimsenmesi de\u011ferlendirilmi\u015ftir. Ayr\u0131ca T\u00fcrk\u00e7e\u2019nin farkl\u0131 leh\u00e7elerinin kar\u015f\u0131l\u0131kl terc\u00fcmesinin, google ba\u015fta olmak \u00fczere, internet ortam\u0131nda yap\u0131lmas\u0131yla ilgili olarak giri\u015fimlerde bulunulmas\u0131 kararla\u015ft\u0131r\u0131lm\u0131\u015ft\u0131r.<\/li>\n\n\n\n<li>T\u00fcrk d\u00fcnyas\u0131na hizmet eden medya mensuplar\u0131na \u201cT\u00fcrk D\u00fcnyas\u0131 \u0130smail Gasp\u0131ral\u0131 Bas\u0131n Hizmet \u00d6d\u00fcl\u00fc\u201d ihdas edilerek, gelecek y\u0131ldan itibaren verilmesi kararla\u015ft\u0131r\u0131lm\u0131\u015ft\u0131r. D\u00fcnya Kamuoyuna duyurulur (22 Mart 2014)<\/li>\n<\/ol>\n\n\n\n<p>T\u00dcRK D\u00dcNYASI GAZETEC\u0130LER \u015eURASI D\u00dcZENLEME KURULU<\/p>\n\n\n\n<p>Gazeteciler Cemiyetleri Bas\u0131n Vakf\u0131<br>T\u00fcrkiye Gazeteciler Federasyonu<br>D\u00fcnya Gazeteciler Federasyonu<br>T\u00fcrk D\u00fcnyas\u0131 Gen\u00e7 \u0130leti\u015fimciler Derne\u011fi<br>Anadolu Spor Gazetecileri Derne\u011fi<br>Avrasya Radyo-TV Yay\u0131nc\u0131lar Birli\u011fi<\/p>\n\n\n\n<p>T\u00fcrk D\u00fcnyas\u0131 Gazeteciler \u015euras\u0131 Kat\u0131l\u0131mc\u0131lar\u0131 Ad\u0131na: T\u00fcrkiye- Azerbaycan-T\u00fcrkmenistan-\u00d6zbekistan-Kazakistan-K\u0131rg\u0131zistan-Kktc-Irak T\u00fcrkleri-Makedonya T\u00fcrkleri-Suriye T\u00fcrkleri-K\u0131r\u0131m-Abhazya-\u00c7uva\u015fistan-Gagavuzya-Hollanda-Tataristan-Kosova-Afganistan-Bulgaristan-Do\u011fu T\u00fcrkistan-\u0130ngiltere-Fransa-Bel\u00e7ika-Almanya-\u0130ran-Romanya Delegeleri<\/p>\n","protected":false},"excerpt":{"rendered":"<p>20 \u00dcLKEDEN 100 GAZETEC\u0130 K\u00dcLT\u00dcR BA\u015eKENTLER\u0130 BELGESEL GALASI GAZETEC\u0130LER \u015eURASI S\u0130NEV\u0130ZYONU ESK\u0130\u015eEH\u0130R\u2019DEN KAZAN\u2019A GAZETEC\u0130LER \u015eURASI T\u00dcRK D\u00dcNYASI MEDYA \u0130LET\u0130\u015e\u0130M SERG\u0130S\u0130 ESK\u0130\u015eEH\u0130R\u2019DEN KAZAN\u2019A K\u00dcLT\u00dcR BA\u015eKENT\u0130 BELGES\u0130 D\u00dcNYA GAZETEC\u0130LER FEDERASYONU BA\u015eKANINDAN A\u00c7IKLAMA T\u00dcRK D\u00dcNYASI\u2019NIN KALB\u0130 KAZAN\u2019DA ATACAK KAZAN\u2019DA TAR\u0130H\u0130 BULU\u015eMA \u2026\u2026\u2026\u2026\u2026\u2026\u2026\u2026\u2026\u2026\u2026\u2026\u2026\u2026\u2026\u2026\u2026\u2026\u2026\u2026\u2026\u2026\u2026\u2026\u2026\u2026\u2026\u2026\u2026\u2026\u2026\u2026\u2026\u2026\u2026\u2026\u2026\u2026\u2026\u2026\u2026\u2026\u2026\u2026\u2026\u2026\u2026\u2026\u2026\u2026\u2026\u2026\u2026\u2026\u2026\u2026\u2026\u2026\u2026\u2026\u2026\u2026\u2026\u2026\u2026\u2026\u2026\u2026. T\u00fcrk D\u00fcnyas\u0131 Gazeteciler \u015euras\u0131 Tataristan\u2019da toplan\u0131yor (20.05.2015) \u015eURANIN ORGAN\u0130ZASYON KOM\u0130TES\u0130NDEY\u0130M T\u00dcRK D\u00dcNYASI\u2019NIN KALB\u0130 KAZANDA ATACAK T\u00dcRK [&hellip;]<\/p>\n","protected":false},"author":1,"featured_media":147,"comment_status":"open","ping_status":"open","sticky":false,"template":"","format":"standard","meta":{"footnotes":""},"categories":[6],"tags":[],"class_list":["post-79","post","type-post","status-publish","format-standard","has-post-thumbnail","hentry","category-belgeseller"],"_links":{"self":[{"href":"https:\/\/www.avrasyagazetecilerdernegi.com\/index.php\/wp-json\/wp\/v2\/posts\/79","targetHints":{"allow":["GET"]}}],"collection":[{"href":"https:\/\/www.avrasyagazetecilerdernegi.com\/index.php\/wp-json\/wp\/v2\/posts"}],"about":[{"href":"https:\/\/www.avrasyagazetecilerdernegi.com\/index.php\/wp-json\/wp\/v2\/types\/post"}],"author":[{"embeddable":true,"href":"https:\/\/www.avrasyagazetecilerdernegi.com\/index.php\/wp-json\/wp\/v2\/users\/1"}],"replies":[{"embeddable":true,"href":"https:\/\/www.avrasyagazetecilerdernegi.com\/index.php\/wp-json\/wp\/v2\/comments?post=79"}],"version-history":[{"count":2,"href":"https:\/\/www.avrasyagazetecilerdernegi.com\/index.php\/wp-json\/wp\/v2\/posts\/79\/revisions"}],"predecessor-version":[{"id":148,"href":"https:\/\/www.avrasyagazetecilerdernegi.com\/index.php\/wp-json\/wp\/v2\/posts\/79\/revisions\/148"}],"wp:featuredmedia":[{"embeddable":true,"href":"https:\/\/www.avrasyagazetecilerdernegi.com\/index.php\/wp-json\/wp\/v2\/media\/147"}],"wp:attachment":[{"href":"https:\/\/www.avrasyagazetecilerdernegi.com\/index.php\/wp-json\/wp\/v2\/media?parent=79"}],"wp:term":[{"taxonomy":"category","embeddable":true,"href":"https:\/\/www.avrasyagazetecilerdernegi.com\/index.php\/wp-json\/wp\/v2\/categories?post=79"},{"taxonomy":"post_tag","embeddable":true,"href":"https:\/\/www.avrasyagazetecilerdernegi.com\/index.php\/wp-json\/wp\/v2\/tags?post=79"}],"curies":[{"name":"wp","href":"https:\/\/api.w.org\/{rel}","templated":true}]}}