{"id":81,"date":"2014-03-28T13:00:00","date_gmt":"2014-03-28T13:00:00","guid":{"rendered":"http:\/\/www.avrasyagazetecilerdernegi.com\/?p=81"},"modified":"2023-07-13T14:34:25","modified_gmt":"2023-07-13T14:34:25","slug":"gazeteciler-eskisehirde-bulustu","status":"publish","type":"post","link":"https:\/\/www.avrasyagazetecilerdernegi.com\/index.php\/2014\/03\/28\/gazeteciler-eskisehirde-bulustu\/","title":{"rendered":"Gazeteciler Eski\u015fehir&#8217;de bulu\u015ftu!"},"content":{"rendered":"\n<p><br>Eski\u015fehir, 3 g\u00fcn boyunca T\u00fcrk D\u00fcnyas\u0131 Gazetecileri&#8217;ni a\u011f\u0131rlad\u0131. 30 \u00dclkeden 300&#8217;den fazla gazeteci Eski\u015fehir&#8217;de bulu\u015ft<\/p>\n\n\n\n<p>\u0130smail Kahraman, Avrasya Gazeteciler, Radyocular ve Televizyoncular Derne\u011fi Genel ba\u015fkan\u0131 olarak davet edildi\u011fi \u015e\u00fbra\u2019da Kocaeli ve Anadolu bas\u0131n\u0131n\u0131 temsil etti.<\/p>\n\n\n\n<p>T\u00fcrk D\u00fcnyas\u0131 K\u00fclt\u00fcr ba\u015fkenti olan Eski\u015fehir, T\u00fcrk d\u00fcnyas\u0131 Gazeteciler \u015e\u00fbras\u0131\u2019na da ev sahipli\u011fi yapt\u0131. 30 \u00fclkeden 300\u2019den fazla gazetecinin yer ald\u0131\u011f\u0131 \u015eura\u2019da AGRT Genel ba\u015fkan\u0131 \u0130smail Kahraman \u015eura\u2019y\u0131 ba\u015ftan sona takip etti. \u015eura\u2019da konu\u015fma yapan \u0130smail Kahraman, T\u00fcrk d\u00fcnyas\u0131 Haber Ajans\u0131\u2019n\u0131n kurulmas\u0131 gerekti\u011fini belirtti. Kahraman, T\u00fcrki Cumhuriyetlerin birbirleriyle ileti\u015fiminin sa\u011flamas\u0131, do\u011fru haber ak\u0131\u015f\u0131n\u0131n h\u0131z bir \u015fekilde ula\u015fmas\u0131 i\u00e7in ajans\u0131n gerekli oldu\u011funu belirterek b\u00f6ylelikle soyda\u015flar\u0131n birbirlerinden daha kolay haber almalar\u0131n\u0131n sa\u011flanaca\u011f\u0131n\u0131, ili\u015fkilerin daha canl\u0131 tutulaca\u011f\u0131n\u0131 belirtti. Kahraman\u2019\u0131n bu \u00f6nerisi \u015eura\u2019da b\u00fcy\u00fck destek g\u00f6rd\u00fc.<\/p>\n\n\n\n<p>BAKAN AVCI DA KATILDI<\/p>\n\n\n\n<p>Eski\u015fehir 2013 T\u00fcrk D\u00fcnyas\u0131 K\u00fclt\u00fcr Ba\u015fkentli\u011fi etkinlikleri kapsam\u0131nda d\u00fczenlenen T\u00fcrk D\u00fcnyas\u0131 Gazeteciler \u015euras\u0131\u00b4na kat\u0131lan Milli E\u011fitim Bakan\u0131 Prof. Dr. Nabi Avc\u0131, internetin habere eri\u015fimin merkezine yerle\u015fmeye ba\u015flad\u0131\u011f\u0131n\u0131 s\u00f6yledi. Anadolu \u00dcniversitesi \u00d6\u011frenci Merkezi Salonu\u00b4nda ger\u00e7ekle\u015ftirilen etkinli\u011fe; Milli E\u011fitim Bakan\u0131 Prof. Dr. Nabi Avc\u0131, Ak Parti Eski\u015fehir Milletvekili Salih Koca, Eski\u015fehir Valisi G\u00fcng\u00f6r Azim Tuna, Anadolu \u00dcniversitesi (A\u00fc) Rekt\u00f6r\u00fc Prof. Dr. Naci G\u00fcndo\u011fan, T\u00fcrkiye Gazeteciler Federasyonu Genel Ba\u015fkan\u0131 Atilla Sertel, D\u00fcnya Gazeteciler Federasyonu Ba\u015fkan\u0131 Menderes Demir, Uluslararas\u0131 T\u00fcrk K\u00fclt\u00fcr\u00fc Te\u015fkilat\u0131 (T\u00dcRKSOY) Genel Sekreteri D\u00fcsen Kaseinov, yerli ve yabanc\u0131 bas\u0131n mensuplar\u0131 ile \u00e7ok say\u0131da ilgili kat\u0131ld\u0131.<\/p>\n\n\n\n<p>B\u00dcY\u00dcK FIRSAT<\/p>\n\n\n\n<p>Etkinlikte konu\u015fan Milli E\u011fitim Bakan\u0131 Prof. Dr. Nabi Avc\u0131, T\u00fcrk D\u00fcnyas\u0131 K\u00fclt\u00fcr Ba\u015fkenti kapsam\u0131nda \u00f6nemli bir etkinlik daha ger\u00e7ekle\u015ftirildi\u011fini s\u00f6yledi. \u015eura boyunca medya ve ileti\u015fim ana ba\u015fl\u0131\u011f\u0131 alt\u0131nda k\u00fcreselle\u015fme ve bu s\u00fcre\u00e7te ortaya \u00e7\u0131kan ileti\u015fim geli\u015fmelerinin konu\u015fulaca\u011f\u0131n\u0131, ayr\u0131ca T\u00fcrk D\u00fcnyas\u0131 Kad\u0131n Gazeteciler Zirvesi ile T\u00fcrk D\u00fcnyas\u0131 Gazeteciler \u00c7al\u0131\u015ftay\u0131\u00b4n\u0131n yap\u0131laca\u011f\u0131n\u0131 belirten Bakan Avc\u0131, &#8220;Bu sayede, farkl\u0131 \u00fclkelerdeki bas\u0131n camialar\u0131n\u0131 temsil eden gazeteci arkada\u015flar\u0131m\u0131z\u0131n kar\u015f\u0131l\u0131kl\u0131 olarak birbirlerini tan\u0131malar\u0131, birbirlerinin sorunlar\u0131n\u0131, ufuklar\u0131n\u0131 daha iyi anlamalar\u0131, projelerini payla\u015fmalar\u0131 i\u00e7in \u00f6nemli bir f\u0131rsat ve imkan do\u011facak&#8221; ifadelerini kulland\u0131. &#8220;Modernle\u015fme ser\u00fcvenimizin lokomotif g\u00fc\u00e7lerinden biri yay\u0131nland\u0131klar\u0131 d\u00f6nemin ruhunu ta\u015f\u0131yan gazeteler oldu&#8221; diyen Avc\u0131, &#8220;Dolay\u0131s\u0131yla gazetecilik mesle\u011fi ve gazetecilerimizle e\u015f g\u00fcd\u00fcml\u00fc ilerleyen bir modernle\u015fme s\u00fcreci ya\u015fad\u0131k. Takvim-i Vakayi ve Terc\u00fcman-\u0131 Ahval gibi s\u00fcreli yay\u0131nlar, ilerleme ve geli\u015fme ser\u00fcvenimizin ana duraklar\u0131 oldu. Bildi\u011finiz gibi gazeteler ileti\u015fim arac\u0131 olarak \u00f6nemli bir misyonu temsil ediyorlar ancak gazete zamanla bu g\u00fcc\u00fcn\u00fc radyo, televizyon ve internet gibi \u00e7e\u015fitlenmeye ba\u015flayan medya ara\u00e7lar\u0131yla payla\u015fmaya ba\u015flad\u0131&#8221; dedi.<\/p>\n\n\n\n<p>YEN\u0130 KAPILAR A\u00c7ILACAKTIR<\/p>\n\n\n\n<p>Uzun vadede daha kaliteli haber ve bilgi payla\u015f\u0131m\u0131 i\u00e7in yeni kap\u0131lar\u0131n a\u00e7\u0131laca\u011f\u0131na inand\u0131\u011f\u0131n\u0131 kaydeden Avc\u0131, &#8220;Teknolojinin sa\u011flad\u0131\u011f\u0131 imkanlarla, \u00f6zellikle bili\u015fim teknolojisinde \u00e7ok farkl\u0131 uygulamalar do\u011fdu. Cep telefonunun da birey ve toplum hayat\u0131na girmesiyle birlikte sosyal medya \u00f6n plana \u00e7\u0131kt\u0131. Nitelikli haber ve bilginin yerini ilk etapta dedikodu, sansasyon ve e\u011flence alm\u0131\u015f gibi g\u00f6r\u00fcnse de geli\u015fen ve yayg\u0131nla\u015fan farkl\u0131 platformlar arac\u0131l\u0131\u011f\u0131yla uzun vadede daha nitelikli bir ileti\u015fim a\u011f\u0131, kaliteli haber ve bilgi payla\u015f\u0131m\u0131 i\u00e7in yeni kap\u0131lar a\u00e7\u0131lacakt\u0131r. Biz de Milli E\u011fitim Bakanl\u0131\u011f\u0131 olarak \u00f6\u011frencilerimizi bu y\u00f6nde e\u011fitmek, bilgiyle donatmak ve bilin\u00e7lendirmek i\u00e7in medya okuryazarl\u0131\u011f\u0131 dersini programlar\u0131m\u0131za koyduk. Fatih Projesi kapsam\u0131nda kurdu\u011fumuz \u00b4EBA Portal\u00b4 ile faydal\u0131 web i\u00e7erikleri ve medya hizmeti sunmaya ba\u015flad\u0131k&#8221; diye konu\u015ftu.<\/p>\n\n\n\n<p>SOSYAL MEDYA HABERC\u0130L\u0130\u011e\u0130<\/p>\n\n\n\n<p>Bilgi ve haberin \u00e7ok kolay yay\u0131ld\u0131\u011f\u0131, \u00e7ok h\u0131zl\u0131 bir bi\u00e7imde t\u00fcketildi\u011fi bir \u00e7a\u011fda ya\u015fad\u0131\u011f\u0131m\u0131za dikkat \u00e7eken Bakan Avc\u0131, &#8220;B\u00f6yle bir \u00e7a\u011fda ilimizde ger\u00e7ekle\u015ftirilen \u015fura, meseleye \u00e7ok y\u00f6nl\u00fc bakmak a\u00e7\u0131s\u0131ndan b\u00fcy\u00fck \u00f6nem ta\u015f\u0131yor. Hem \u00fclkemizin yerel ve ulusal bas\u0131n mensuplar\u0131n\u0131n hem de dost ve karde\u015f \u00fclkelerin bas\u0131n camias\u0131n\u0131n kat\u0131l\u0131m\u0131yla ger\u00e7ekle\u015fen bu organizasyon birbirimize ayna tutmak a\u00e7\u0131s\u0131ndan \u00f6nemli bir i\u015flev g\u00f6recek. Konu\u015fmam\u0131z ve payla\u015fmam\u0131z gereken bir\u00e7ok mesele var. Birbirimizle payla\u015faca\u011f\u0131m\u0131z, birbirimize \u00f6nerece\u011fimiz veya \u00f6\u011fretece\u011fimiz \u00e7ok \u015fey oldu\u011funa inan\u0131yorum. Az \u00f6nce de vurgulad\u0131\u011f\u0131m gibi \u00f6yle bir zamanday\u0131z ki bilgi ve haber anl\u0131k t\u00fcketiliyor. Yak\u0131n zamanda dergiler ayl\u0131k\/haftal\u0131k, gazeteler g\u00fcnl\u00fck, radyo\/televizyon saatlik bilgi ve haber iletirken, \u015fimdi sosyal medyayla birlikte bilgi ve haber anl\u0131k iletiliyor ve t\u00fcketiliyor&#8221; \u015feklinde konu\u015ftu.<\/p>\n\n\n\n<p>SIKINTILAR VAR<\/p>\n\n\n\n<p>Avc\u0131, &#8220;Lokal haber \u00fcretim s\u00fcre\u00e7lerinde \u00e7ok ciddi s\u0131k\u0131nt\u0131lar ya\u015fan\u0131yor&#8221; diyerek \u015f\u00f6yle devam etti: &#8220;E\u011fitimden kentle\u015fmeye, sa\u011fl\u0131ktan ileti\u015fime kadar her alanda g\u00f6r\u00fc\u015f ve \u00f6nerilerimiz olmal\u0131. Bilgi ve ileti\u015fim \u00e7a\u011f\u0131nda siz gazeteci karde\u015flerimizin ileti\u015fimi hayati \u00f6nem kazan\u0131yor. Bu ileti\u015fimin en \u00f6nemli ortak paydas\u0131 etik \u00fcretmek, i\u00e7selle\u015ftirilmi\u015f bas\u0131n ilkelerini belirlemek ve k\u00fcresel bir bas\u0131n ahlak\u0131 olu\u015fturmakt\u0131r. B\u00f6yle bir ileti\u015fimi \u00e7ok acil ve elzem g\u00f6r\u00fcyorum. Bug\u00fcn haber kaynaklar\u0131m\u0131z\u0131n, gazetelerimizin, yerel, ulusal ve k\u00fcresel haberlerin b\u00fcy\u00fck bir b\u00f6l\u00fcm\u00fcn\u00fc ajanslar kar\u015f\u0131l\u0131yor. Bu bir mecburiyet \u00e7\u00fcnk\u00fc lokal haber \u00fcretim s\u00fcre\u00e7lerinde \u00e7ok ciddi s\u0131k\u0131nt\u0131lar ya\u015fan\u0131yor. Di\u011fer yandan ki\u015fisel ve grupsal g\u00f6r\u00fc\u015flerin y\u00f6nlendirdi\u011fi yanl\u0131 haber \u00fcretimi, haber alma ve do\u011fru bilgilenme hakk\u0131n\u0131 tehdit ediyor. Yorum ve tart\u0131\u015fmalar\u0131m\u0131z da nitelikli ve \u00e7ok boyutlu bir yap\u0131ya kavu\u015famamas\u0131 nedeniyle ciddi bir d\u00fczey kayb\u0131 ya\u015fan\u0131yor. Ayn\u0131 durum g\u00f6r\u00fcnt\u00fcl\u00fc ve sesli yay\u0131nc\u0131l\u0131k i\u00e7in de ge\u00e7erli. G\u00fcn\u00fcm\u00fcze ait medya bi\u00e7im ve i\u00e7eri\u011fine dair standartlar hen\u00fcz netle\u015fmi\u015f de\u011fil. Di\u011fer yandan do\u011fru bilgilendirilme hakk\u0131 ve bas\u0131n \u00f6zg\u00fcrl\u00fc\u011f\u00fc ile ki\u015filerin bireysel hak ve h\u00fcrriyetleri, ki\u015fisel mahremiyet aras\u0131nda bir denge kurulabilmi\u015f de\u011fil. D\u00fcnyada habere ula\u015fmak i\u00e7in televizyon, gazete, radyo ve internet gibi ara\u00e7lar\u0131n kullan\u0131m\u0131 \u00fczerine yap\u0131lan ara\u015ft\u0131rmalar g\u00f6stermektedir ki, internet art\u0131k habere eri\u015fimin merkezine yerle\u015fmeye ba\u015fl\u0131yor. Bu noktada \u015fu an ger\u00e7ekle\u015fen \u015fura tarz\u0131ndaki etkinlikler ortak akl\u0131 olu\u015fturmak anlam\u0131nda \u00f6nem kazan\u0131yor.&#8221;<\/p>\n\n\n\n<p>KARACA HEDEFLER\u0130N\u0130 A\u00c7IKLADI<\/p>\n\n\n\n<p>A\u00e7\u0131l\u0131\u015f t\u00f6reninde ilk s\u00f6z\u00fc alan Gazeteciler Cemiyetleri Bas\u0131n Vakf\u0131 Ba\u015fkan\u0131 Y\u0131lmaz Karaca, \u201cT\u00fcrk D\u00fcnyas\u0131 1. Gazeteciler \u015euras\u0131\u00b4n\u0131n amac\u0131, ba\u015fta T\u00fcrk Cumhuriyetlerindeki gazeteci meslekta\u015flar\u0131m\u0131z olmak \u00fczere, T\u00fcrk Akraba Topluluklar\u0131 Gazetecileri ve Avrupa \u00fclkelerindeki meslekta\u015flar\u0131m\u0131z\u0131 bir araya getirmek, onlar\u0131n mesleki ve k\u00fclt\u00fcrel payla\u015f\u0131mda bulunmalar\u0131n\u0131 sa\u011flamakt\u0131r. Meslekta\u015flar\u0131m\u0131z\u0131n, \u00f6ncelikle bulunduklar\u0131 \u00fclkelerin yasalar\u0131na uymak kayd\u0131yla daha \u00f6zg\u00fcr, daha g\u00fc\u00e7l\u00fc ve daha bilin\u00e7li gazetecilik yapmalar\u0131na \u00f6nc\u00fcl\u00fck etmeyi, onlar\u0131 de\u011fi\u015fen ve geli\u015fen medya d\u00fcnyas\u0131yla bulu\u015fturmay\u0131 hedeflemekteyiz\u201d dedi.<\/p>\n\n\n\n<p>&#8220;B\u0130ZLER SAVA\u015eLARA BARI\u015e OLARAK M\u00dcDAH\u0130L OLMALIYIZ&#8221;<\/p>\n\n\n\n<p>T\u00fcrkiye Gazeteciler Federasyonu Genel Ba\u015fkan\u0131 Atilla Sertel ise, bas\u0131n mensuplar\u0131n\u0131n sava\u015flara bar\u0131\u015f olarak m\u00fcdahil olmas\u0131 gerekti\u011fini s\u00f6yledi. T\u00fcrk D\u00fcnyas\u0131 gazetecilerine seslenen Sertel, &#8220;Bizler ayn\u0131 topraklarda ya\u015fayan insanlar olarak \u00e7evremizde birbiriyle sava\u015fan insanlar\u0131 g\u00f6rd\u00fck\u00e7e ve \u00f6len \u00e7ocuklar\u0131, \u00f6len insanlar\u0131, \u00f6len anneleri, ya\u015fl\u0131lar\u0131 g\u00f6rd\u00fck\u00e7e \u00e7ok \u00fcz\u00fcl\u00fcyoruz ama \u00fcz\u00fclmenin \u00f6tesinde bizler o sava\u015fa bar\u0131\u015f olarak m\u00fcdahil olmal\u0131y\u0131z. Kalemlerimizi, bar\u0131\u015f\u0131 getirmek i\u00e7in, bar\u0131\u015f\u0131 savunmak i\u00e7in kullanmal\u0131y\u0131z. Biz gazeteciler, kimsenin \u00f6lmesinden ve \u00f6ld\u00fcr\u00fclmesinden yana olamay\u0131z, olmamal\u0131y\u0131z. O nedenle T\u00fcrk D\u00fcnyas\u0131 gazetecilerinin, burada toplanan meslekta\u015flar\u0131m\u0131n kendi \u00fclkelerine d\u00f6nd\u00fcklerinde bir kez daha ya\u015fad\u0131klar\u0131 co\u011frafyay\u0131 bulunduklar\u0131 konumdan de\u011fil, kar\u015f\u0131dakileri de d\u00fc\u015f\u00fcnerek ve de\u011ferlendirerek yazmalar\u0131n\u0131, d\u00fc\u015f\u00fcnmelerini talep ediyorum&#8221; ifadelerini kulland\u0131.<\/p>\n\n\n\n<p>&#8220;BASIN \u00d6ZG\u00dcRL\u00dc\u011e\u00dcN\u00dcN \u00d6N\u00dcNDE H\u0130\u00c7B\u0130R G\u00dc\u00c7 DURAMAMI\u015eTIR&#8221;<\/p>\n\n\n\n<p>&#8220;Bas\u0131n \u00f6zg\u00fcrl\u00fc\u011f\u00fcn\u00fcn \u00f6n\u00fcnde hi\u00e7bir g\u00fc\u00e7 duramam\u0131\u015ft\u0131r&#8221; diyen Sertel, \u015f\u00f6yle konu\u015ftu:<\/p>\n\n\n\n<p>&#8220;Biz gazeteciyiz ve d\u00fc\u015f\u00fcnd\u00fcklerimizi s\u00f6ylemekle g\u00f6revliyiz. Yazmakla g\u00f6revliyiz. Bize d\u00fc\u015fen g\u00f6rev budur. Y\u00f6netim mekanizmalar\u0131n\u0131 uyarmak zorunday\u0131z. Uyar\u0131rken bizi uyaranlara, uyar\u0131rken bizi cezaland\u0131ranlara, uyar\u0131rken bizi cezaevlerine atanlara \u015funu s\u00f6ylemek istiyorum. Bas\u0131n \u00f6zg\u00fcrl\u00fc\u011f\u00fcn\u00fcn \u00f6n\u00fcnde hi\u00e7bir g\u00fc\u00e7 duramam\u0131\u015ft\u0131r. Bas\u0131n \u00f6zg\u00fcr olursa \u00fclkelerde insanlar daha mutlu, daha kaliteli ya\u015far ve b\u00fct\u00fcn \u00fclke, b\u00fct\u00fcn \u00fclkeler karde\u015f\u00e7e ya\u015far.&#8221;<\/p>\n\n\n\n<p>VAL\u0130 \u015eURA\u2019NIN \u00d6NEM\u0130N\u0130 ANLATTI<\/p>\n\n\n\n<p>T\u00fcrk D\u00fcnyas\u0131 I. Gazeteciler \u015euras\u0131\u2019n\u0131n tarih\u00ee bir \u00f6neme sahip oldu\u011funu ifade ederek konu\u015fmas\u0131na ba\u015flayan Eski\u015fehir Valisi G\u00fcng\u00f6r Azim Tuna ise \u201cZira K\u00fclt\u00fcr Ba\u015fkentli\u011fi kapsam\u0131nda \u015fehrimizde g\u00fczel bir ilk\u2019e daha ev sahipli\u011fi yap\u0131yoruz\u201d dedi. \u015eura ile T\u00fcrk d\u00fcnyas\u0131 bas\u0131n\u0131n\u0131n vizyonu i\u00e7in ortak ak\u0131l geli\u015ftirmeyi ve bu kapsamda uluslararas\u0131 bir i\u015f k\u00fclt\u00fcr\u00fcn\u00fcn temellerini atmay\u0131 ama\u00e7lad\u0131klar\u0131n\u0131 belirten Vali Tuna, s\u00f6zlerine \u015f\u00f6yle devam etti:<\/p>\n\n\n\n<p>\u201c30 \u00fclkeden 100, yurt i\u00e7inden de 60\u2019\u0131n \u00fczerinde ilden gelen 250 gazeteci olmak \u00fczere toplam 350 bas\u0131n mensubu aras\u0131nda ileti\u015fim, diyalog ve mesleki birikimlerin payla\u015f\u0131laca\u011f\u0131 bu bulu\u015fma, \u015fehrimizde ger\u00e7ekle\u015ftirdi\u011fimiz 250\u2019yi a\u015fan uluslararas\u0131 etkinliklerden sadece biridir. \u201cT\u00fcrk D\u00fcnyas\u0131 1. Gazeteciler \u015euras\u0131\u201dnda yasalara uygun ve daha bilin\u00e7li gazetecilik yap\u0131lmas\u0131na \u00f6nc\u00fcl\u00fck etmek, gazetecileri de\u011fi\u015fen ve geli\u015fen medya d\u00fcnyas\u0131yla bulu\u015fturmak hedeflerimiz aras\u0131nda yer almaktad\u0131r. \u015eura kapsam\u0131nda d\u00fczenlenecek \u00e7al\u0131\u015ftay, panel, zirve ve sergi ile d\u00fcnyada geli\u015fen gazetecilik ve ileti\u015fim teknolojisi ba\u015fta olmak \u00fczere, medyan\u0131n g\u00fcn\u00fcm\u00fczde geldi\u011fi nokta ve gelecekte bi\u00e7imlenece\u011fi durum da de\u011ferlendirilecektir.<\/p>\n\n\n\n<p>M\u0130LL\u0130 K\u00dcLT\u00dcR<\/p>\n\n\n\n<p>Bir milleti millet yapan unsurlar\u0131n ba\u015f\u0131nda mill\u00ee k\u00fclt\u00fcr geldi\u011finin alt\u0131n\u0131 \u00e7izen Vali Tuna, konu\u015fmas\u0131n\u0131n devam\u0131nda \u015funlar\u0131 s\u00f6yledi: \u201cMill\u00ee k\u00fclt\u00fcr\u00fc olu\u015fturan unsurlar aras\u0131nda da gelenekler, inan\u00e7lar, bayramlar \u00f6nemli bir yere sahiptir. Bu \u00e7er\u00e7evede, Nevruz Bayram\u0131, mill\u00ee benli\u011fin ve mill\u00ee kimli\u011fin korunmas\u0131n\u0131 sa\u011flayan ortak zenginli\u011fimizdir. Bu bayram, ayr\u0131ca T\u00fcrk D\u00fcnyas\u0131\u2019n\u0131n g\u00f6n\u00fcl birli\u011fi i\u00e7in b\u00fcy\u00fck bir f\u0131rsatt\u0131r. Bu f\u0131rsat\u0131 iyi de\u011ferlendirmenizi istirham ediyorum siz de\u011ferli gazetecilerden. Ecdad\u0131m\u0131z\u0131n devlet gelene\u011finde \u00f6nemli yeri olan Nevruz\u2019u b\u00fct\u00fcn d\u00fcnyaya iyi anlatman\u0131z, hem mill\u00ee k\u00fclt\u00fcr\u00fcm\u00fcz hem de T\u00fcrk d\u00fcnyas\u0131 g\u00f6n\u00fcl birli\u011fi i\u00e7in hayati \u00f6neme sahiptir. Biz Nevruz denilince T\u00fcrk d\u00fcnyas\u0131n\u0131n farkl\u0131 b\u00f6lgelerinde Milattan \u00d6nce 3. y\u00fczy\u0131ldan beri farkl\u0131 isimlerle varl\u0131\u011f\u0131n\u0131 s\u00fcrd\u00fcren co\u015fkulu bir bayram g\u00f6r\u00fcyoruz. Biz Nevruz denilince T\u00fcrk d\u00fcnyas\u0131n\u0131 g\u00f6r\u00fcyoruz. Biz Nevruz denilince farkl\u0131 din ve mezheplerin sevgi ve ho\u015fg\u00f6r\u00fc ile bir araya geldi\u011fini g\u00f6r\u00fcyoruz. Nevruz demek dostluk, bar\u0131\u015f, huzur ve \u00fcmit demektir.\u201d<\/p>\n\n\n\n<p>T\u00dcRKSOY \u00d6D\u00dcLLER\u0130 VER\u0130LD\u0130<\/p>\n\n\n\n<p>T\u00dcRKSOY Genel Sekreteri D\u00fcsen Kaseinov ise, T\u00fcrk D\u00fcnyas\u0131 K\u00fclt\u00fcr Ba\u015fkenti Ajans\u0131 ve T\u00fcrkiye Gazeteciler Cemiyetleri Bas\u0131n Vakf\u0131\u00b4n\u0131n i\u015f birli\u011fiyle ger\u00e7ekle\u015ftirilen bu \u00f6zel organizasyonun, T\u00fcrkiye ve kurumlar\u0131 aras\u0131nda mevcut olan ileti\u015fimi g\u00fc\u00e7lendirilece\u011fini ve mesleki birikimlerin aktar\u0131lmas\u0131yla kat\u0131lan herkesin fayda sa\u011flayaca\u011f\u0131n\u0131 anlatt\u0131. Konu\u015fman\u0131n ard\u0131ndan etkinli\u011fe kat\u0131lanlara te\u015fekk\u00fcr plaketi verildi. Daha sonra T\u00dcRKSOY Bas\u0131n \u00d6d\u00fclleri; Bakan Avc\u0131, Vali Tuna, Milletvekili Koca, T\u00dcRKSOY Genel Sekreteri Kaseinov taraf\u0131ndan \u00f6d\u00fcl sahiplerine verildi.<\/p>\n\n\n\n<p>T\u00dcRK D\u00dcNYASI GAZETEC\u0130LER\u0130 ESK\u0130\u015eEH\u0130R<\/p>\n\n\n\n<p>DEKLARASYONU-22 Mart-2014<\/p>\n\n\n\n<pre class=\"wp-block-code\"><code>  19-22 Mart 2014 tarihlerinde Eski\u015fehir\u2019de, T\u00fcrk Cumhuriyetleri ve T\u00fcrk Akraba Topluluklar\u0131 ile Avrupa\u2019dan toplam 350 gazetecinin kat\u0131l\u0131m\u0131yla d\u00fczenlenen \u201c1.T\u00dcRK D\u00dcNYASI GAZETEC\u0130LER \u015eURASI\u201d\n\n                                            ESK\u0130\u015eEH\u0130R DEKLARASYONU:<\/code><\/pre>\n\n\n\n<ol class=\"wp-block-list\">\n<li>T\u00fcrk d\u00fcnyas\u0131 medya mensuplar\u0131 aras\u0131nda ileti\u015fim a\u011f\u0131 kurularak, kar\u015f\u0131l\u0131kl\u0131 bilgi payla\u015f\u0131m\u0131 ve i\u015fbirli\u011fi g\u00fc\u00e7lendirilecektir.<\/li>\n\n\n\n<li>T\u00fcrk d\u00fcnyas\u0131 medya mensuplar\u0131, evrensel insan haklar\u0131n\u0131n savunulmas\u0131, b\u00f6lge ve d\u00fcnya bar\u0131\u015f\u0131na katk\u0131 sunulmas\u0131 y\u00f6n\u00fcnde \u00e7aba sarfedecektir. Medyada nefret ve d\u00fc\u015fmanl\u0131k s\u00f6ylemlerinin \u00f6n\u00fcne ge\u00e7ilerek sevgi, iyi niyet ve bar\u0131\u015f dilinin te\u015fvik edilmesi kararla\u015ft\u0131r\u0131lm\u0131\u015ft\u0131r.<\/li>\n\n\n\n<li>\u201cT\u00dcRK D\u00dcNYASI HABER AJANSI\u201d ad\u0131 alt\u0131nda bir olu\u015fumun temel ihtiya\u00e7 oldu\u011fu belirlenmi\u015ftir. Bu sebeple bir haber ajans\u0131n\u0131n kurulmas\u0131 ile ilgili temeller at\u0131lm\u0131\u015f ve \u00fcretilen haberlerin d\u00fcnyaya ula\u015ft\u0131r\u0131lmas\u0131na karar verilmi\u015ftir.<\/li>\n\n\n\n<li>T\u00dcRK D\u00dcNYASI GAZETEC\u0130LER\u0130, T\u00fcrk d\u00fcnyas\u0131na y\u00f6nelik hizmet eden t\u00fcm kurum ve kurulu\u015flarla m\u00fc\u015fterek \u00e7al\u0131\u015fmalarda bulunmay\u0131 taahh\u00fct etmektedir.<\/li>\n\n\n\n<li>T\u00fcrk d\u00fcnyas\u0131nda, bas\u0131n \u00f6zg\u00fcrl\u00fc\u011f\u00fcn\u00fcn ihlali durumunda ilgili \u00fclkelere gerekli uyar\u0131larda bulunarak, ortak imzal\u0131 bas\u0131n bildirileri yay\u0131nlanacakt\u0131r. Ayn\u0131 \u015fekilde t\u00fcm D\u00fcnyada bas\u0131n \u00f6zg\u00fcrl\u00fc\u011f\u00fcyle ilgili ihlallerde duyarl\u0131 olunacak ve demokrasinin teminat\u0131 olarak halk\u0131n haber alma hakk\u0131 savunulacakt\u0131r.<\/li>\n\n\n\n<li>T\u00fcrk d\u00fcnyas\u0131 kad\u0131n gazetecileri, ya\u015fanan problemleri de\u011ferlendirerek; \u201cT\u00fcrk D\u00fcnyas\u0131 Kad\u0131n Gazeteciler Derne\u011fi\u201dnin kurulmas\u0131na karar verilmi\u015ftir.<\/li>\n\n\n\n<li>T\u00fcrk d\u00fcnyas\u0131nda bas\u0131n ve ifade \u00f6zg\u00fcrl\u00fc\u011f\u00fcn\u00fcn, evrensel hukuk \u00e7er\u00e7evesine oturtulmas\u0131 ka\u00e7\u0131n\u0131lmaz bir zarurettir. Medyaya y\u00f6nelik sans\u00fcr kabul edilemez. Ancak, medya da ki\u015fi hak ve h\u00fcrriyeti ile mahremiyetin korunmas\u0131 ilkesine \u00f6zen g\u00f6stermelidir.<\/li>\n\n\n\n<li>Anadolu Ajans\u0131\u2019n\u0131n; \u00fclke d\u0131\u015f\u0131ndaki T\u00fcrk medyas\u0131na \u00fccretsiz, T\u00fcrkiye\u2019deki yerel medyaya ise daha uygun \u00fccretle hizmet vermesi beklenmektedir.<\/li>\n\n\n\n<li>Suriye\u2019deki i\u00e7 sava\u015fta ya\u015fanan dram ve \u00f6zellikle T\u00fcrkmenlere y\u00f6nelik insan haklar\u0131 ihlalleri \u015fiddetle k\u0131nanmaktad\u0131r. Hakk\u0131nda haber al\u0131namayan kay\u0131p Gazeteci Be\u015f\u015far Kaddumi\u2019nin ak\u0131betiyle ilgili Suriye yetkililerinin a\u00e7\u0131klama yapmas\u0131 beklenmektedir.<\/li>\n\n\n\n<li>K\u0131r\u0131m\u2019daki son geli\u015fmeler kabul edilemez. Ukrayna\u2019n\u0131n toprak b\u00fct\u00fcnl\u00fc\u011f\u00fc korunmal\u0131 ve sorunlar\u0131n \u00e7\u00f6z\u00fcm\u00fc demokratik yollarla sa\u011flanmal\u0131d\u0131r.<\/li>\n\n\n\n<li>Do\u011fu T\u00fcrkistan T\u00fcrklerine yap\u0131lan insan haklar\u0131 ihlalleri ve d\u00fcnyan\u0131n tutumu vicdanlar\u0131 yaralamaktad\u0131r. Uluslararas\u0131 kurum ve kurulu\u015flar, Uygurlara uygulanan insanl\u0131k d\u0131\u015f\u0131 muamelenin engellenmesi i\u00e7in gereken ad\u0131mlar\u0131 atmal\u0131d\u0131r. Ayr\u0131ca \u00c7in polisi taraf\u0131ndan rejim kar\u015f\u0131t\u0131 su\u00e7 i\u015fledi\u011fi gerek\u00e7esiyle g\u00f6zalt\u0131na al\u0131nan gazeteci-akademisyen \u0130lham Tohti i\u00e7in d\u00fcnyada g\u00fcndem olu\u015fturulmal\u0131 ve uluslararas\u0131 insan haklar\u0131 kurulu\u015flar\u0131n\u0131n g\u00f6zetiminde yeniden yarg\u0131lanmas\u0131 sa\u011flanmal\u0131d\u0131r.<\/li>\n\n\n\n<li>Karaba\u011f\u2019daki i\u015fgal kabul edilemez. Uluslararas\u0131 toplum, Ermenistan\u2019\u0131n i\u015fgal etti\u011fi Azerbaycan topraklar\u0131n\u0131 terk etmesini sa\u011flamal\u0131d\u0131r.<\/li>\n\n\n\n<li>Irak T\u00fcrklerinin ya\u015fad\u0131\u011f\u0131 \u00f6zellikle Tuzhurmatu ve Kerk\u00fck\u2019teki \u015fiddete son verilmeli, T\u00fcrkmenlerin g\u00fcvenlikleri ve t\u00fcm haklar\u0131 Irak\u2019\u0131n toprak b\u00fct\u00fcnl\u00fc\u011f\u00fc i\u00e7erisinde korunmal\u0131d\u0131r.<\/li>\n\n\n\n<li>\u0130ran\u2019da ya\u015fayan T\u00fcrklerin demokratik hak ve \u00f6zg\u00fcrl\u00fckleri korunmal\u0131. \u0130ran\u2019\u0131n Azerbaycan eyaletleri b\u00f6lgesinde bulunan Urumiye G\u00f6l\u00fc\u2019n\u00fcn kurumas\u0131, b\u00f6lgede ya\u015fayan halk\u0131n sa\u011fl\u0131\u011f\u0131n\u0131 tehdit etmektedir. Hem bu sorunun, hem de \u0130ran s\u0131n\u0131rlar\u0131 i\u00e7erisinde yer alan T\u00fcrkmensahra b\u00f6lgesinde ya\u015fanan s\u0131k\u0131nt\u0131lar\u0131n giderilmesi y\u00f6n\u00fcnde, yeni Cumhurba\u015fkan\u0131 taraf\u0131ndan verilen s\u00f6zlerin yerine getirilmesini beklemekteyiz. Her iki konuda \u0130ran y\u00f6netimine yeni bir \u00e7a\u011fr\u0131 yap\u0131lmas\u0131na karar verilmi\u015ftir.<\/li>\n\n\n\n<li>Avrupa\u2019da y\u00fckselen \u0131rk\u00e7\u0131l\u0131k ve \u0130slamofobya, T\u00fcrkleri ve di\u011fer M\u00fcsl\u00fcman az\u0131nl\u0131klar\u0131 tehdit etmektedir. Bu sorunun \u00e7\u00f6z\u00fcm\u00fc i\u00e7in birlikte ya\u015fama k\u00fclt\u00fcr\u00fcn\u00fc geli\u015ftirici ad\u0131mlar at\u0131lmal\u0131d\u0131r.<\/li>\n\n\n\n<li>Afganistan T\u00fcrklerinin e\u011fitimi konusunda gerekli giri\u015fimlerde bulunulmal\u0131d\u0131r.<\/li>\n\n\n\n<li>Ba\u011f\u0131ms\u0131zl\u0131\u011f\u0131n\u0131 ilan ederek T\u00fcrk d\u00fcnyas\u0131na kat\u0131lma ad\u0131m\u0131 atan \u00fclkelerin uluslararas\u0131 boyutta tan\u0131nmamalar\u0131yla ilgili \u00e7a\u011fr\u0131da bulunulmas\u0131 kararla\u015ft\u0131r\u0131lm\u0131\u015ft\u0131r.<\/li>\n\n\n\n<li>T\u00fcrk d\u00fcnyas\u0131 \u00fclkelerinde ya\u015fayanlar\u0131n ileti\u015fiminin \u00e7ok daha sa\u011fl\u0131kl\u0131 ve verimli bir \u015fekilde yap\u0131labilmesi i\u00e7in T\u00fcrkiye T\u00fcrk\u00e7esi\u2019nin, ortak ileti\u015fim dili olarak T\u00fcrk D\u00fcnyas\u0131 topluluklar\u0131 taraf\u0131ndan benimsenmesi de\u011ferlendirilmi\u015ftir. Ayr\u0131ca T\u00fcrk\u00e7e\u2019nin farkl\u0131 leh\u00e7elerinin kar\u015f\u0131l\u0131kl\u0131 terc\u00fcmesinin, google ba\u015fta olmak \u00fczere, internet ortam\u0131nda yap\u0131lmas\u0131yla ilgili olarak giri\u015fimlerde bulunulmas\u0131 kararla\u015ft\u0131r\u0131lm\u0131\u015ft\u0131r.<\/li>\n\n\n\n<li>T\u00fcrk d\u00fcnyas\u0131na hizmet eden medya mensuplar\u0131na \u201cT\u00fcrk D\u00fcnyas\u0131 \u0130smail Gasp\u0131ral\u0131 Bas\u0131n Hizmet \u00d6d\u00fcl\u00fc\u201d ihdas edilerek, gelecek y\u0131ldan itibaren verilmesi kararla\u015ft\u0131r\u0131lm\u0131\u015ft\u0131r. D\u00fcnya Kamuoyuna duyurulur <code>22 Mart 2014<\/code><\/li>\n<\/ol>\n\n\n\n<p>T\u00dcRK D\u00dcNYASI GAZETEC\u0130LER \u015eURASI<\/p>\n\n\n\n<p>D\u00dcZENLEME KURULU<\/p>\n\n\n\n<p>Gazeteciler Cemiyetleri Bas\u0131n Vakf\u0131<\/p>\n\n\n\n<p>T\u00fcrkiye Gazeteciler Federasyonu<\/p>\n\n\n\n<p>D\u00fcnya Gazeteciler Federasyonu<\/p>\n\n\n\n<p>T\u00fcrk D\u00fcnyas\u0131 Gen\u00e7 \u0130leti\u015fimciler Derne\u011fi<\/p>\n\n\n\n<p>Anadolu Spor Gazetecileri Derne\u011fi<\/p>\n\n\n\n<p>Avrasya Radyo-TV Yay\u0131nc\u0131lar Birli\u011fi<\/p>\n\n\n\n<p>T\u00fcrk D\u00fcnyas\u0131 Gazeteciler \u015euras\u0131 Kat\u0131l\u0131mc\u0131lar\u0131 Ad\u0131na: T\u00dcRK\u0130YE- AZERBAYCAN-T\u00dcRKMEN\u0130STAN-\u00d6ZBEK\u0130STAN-KAZAK\u0130STAN-KIRGIZ\u0130STAN-KKTC-IRAK T\u00dcRKLER\u0130-MAKEDONYA T\u00dcRKLER\u0130-SUR\u0130YE T\u00dcRKLER\u0130-KIRIM-ABHAZYA-\u00c7UVA\u015e\u0130STAN-GAGAVUZYA-HOLLANDA-TATAR\u0130STAN-KOSOVA-AFGAN\u0130STAN-BULGAR\u0130STAN-DO\u011eU T\u00dcRK\u0130STAN-\u0130NG\u0130LTERE-FRANSA-BEL\u00c7\u0130KA-ALMANYA-\u0130RAN-ROMANYA DELEGELER\u0130<\/p>\n","protected":false},"excerpt":{"rendered":"<p>Eski\u015fehir, 3 g\u00fcn boyunca T\u00fcrk D\u00fcnyas\u0131 Gazetecileri&#8217;ni a\u011f\u0131rlad\u0131. 30 \u00dclkeden 300&#8217;den fazla gazeteci Eski\u015fehir&#8217;de bulu\u015ft \u0130smail Kahraman, Avrasya Gazeteciler, Radyocular ve Televizyoncular Derne\u011fi Genel ba\u015fkan\u0131 olarak davet edildi\u011fi \u015e\u00fbra\u2019da Kocaeli ve Anadolu bas\u0131n\u0131n\u0131 temsil etti. T\u00fcrk D\u00fcnyas\u0131 K\u00fclt\u00fcr ba\u015fkenti olan Eski\u015fehir, T\u00fcrk d\u00fcnyas\u0131 Gazeteciler \u015e\u00fbras\u0131\u2019na da ev sahipli\u011fi yapt\u0131. 30 \u00fclkeden 300\u2019den fazla gazetecinin yer [&hellip;]<\/p>\n","protected":false},"author":1,"featured_media":152,"comment_status":"open","ping_status":"open","sticky":false,"template":"","format":"standard","meta":{"footnotes":""},"categories":[3],"tags":[],"class_list":["post-81","post","type-post","status-publish","format-standard","has-post-thumbnail","hentry","category-habeler"],"_links":{"self":[{"href":"https:\/\/www.avrasyagazetecilerdernegi.com\/index.php\/wp-json\/wp\/v2\/posts\/81","targetHints":{"allow":["GET"]}}],"collection":[{"href":"https:\/\/www.avrasyagazetecilerdernegi.com\/index.php\/wp-json\/wp\/v2\/posts"}],"about":[{"href":"https:\/\/www.avrasyagazetecilerdernegi.com\/index.php\/wp-json\/wp\/v2\/types\/post"}],"author":[{"embeddable":true,"href":"https:\/\/www.avrasyagazetecilerdernegi.com\/index.php\/wp-json\/wp\/v2\/users\/1"}],"replies":[{"embeddable":true,"href":"https:\/\/www.avrasyagazetecilerdernegi.com\/index.php\/wp-json\/wp\/v2\/comments?post=81"}],"version-history":[{"count":2,"href":"https:\/\/www.avrasyagazetecilerdernegi.com\/index.php\/wp-json\/wp\/v2\/posts\/81\/revisions"}],"predecessor-version":[{"id":153,"href":"https:\/\/www.avrasyagazetecilerdernegi.com\/index.php\/wp-json\/wp\/v2\/posts\/81\/revisions\/153"}],"wp:featuredmedia":[{"embeddable":true,"href":"https:\/\/www.avrasyagazetecilerdernegi.com\/index.php\/wp-json\/wp\/v2\/media\/152"}],"wp:attachment":[{"href":"https:\/\/www.avrasyagazetecilerdernegi.com\/index.php\/wp-json\/wp\/v2\/media?parent=81"}],"wp:term":[{"taxonomy":"category","embeddable":true,"href":"https:\/\/www.avrasyagazetecilerdernegi.com\/index.php\/wp-json\/wp\/v2\/categories?post=81"},{"taxonomy":"post_tag","embeddable":true,"href":"https:\/\/www.avrasyagazetecilerdernegi.com\/index.php\/wp-json\/wp\/v2\/tags?post=81"}],"curies":[{"name":"wp","href":"https:\/\/api.w.org\/{rel}","templated":true}]}}