{"id":94,"date":"2013-02-28T13:33:00","date_gmt":"2013-02-28T13:33:00","guid":{"rendered":"http:\/\/www.avrasyagazetecilerdernegi.com\/?p=94"},"modified":"2023-07-13T14:40:08","modified_gmt":"2023-07-13T14:40:08","slug":"basin-ilan-kurumuna-yeni-yonetim","status":"publish","type":"post","link":"https:\/\/www.avrasyagazetecilerdernegi.com\/index.php\/2013\/02\/28\/basin-ilan-kurumuna-yeni-yonetim\/","title":{"rendered":"Bas\u0131n \u0130lan Kurumu&#8217;na yeni y\u00f6netim"},"content":{"rendered":"\n<p><\/p>\n\n\n\n<p>&nbsp;Bas\u0131n \u0130lan Kurumu&#8217;nun (B\u0130K) 27. D\u00f6nem Birinci Genel Kurulu topland\u0131. Y\u00f6netim Kurulu Ba\u015fkanl\u0131\u011f\u0131&#8217;na Vak\u0131flar Genel M\u00fcd\u00fcr\u00fc Adnan Ertem yeniden se\u00e7ildi.<strong>\u0130STANBUL &#8211; Kurumun Cevizliba\u011f&#8217;daki hizmet binas\u0131nda ger\u00e7ekle\u015ftirilen genel kurul toplant\u0131s\u0131na, bas\u0131n, h\u00fck\u00fcmet ve tarafs\u0131zlar grubu \u00fcyeleri kat\u0131ld\u0131.<\/strong><\/p>\n\n\n\n<p>Bas\u0131n \u0130lan Kurumu Genel M\u00fcd\u00fcr\u00fc Mehmet Atalay, en ya\u015fl\u0131 \u00fcye s\u0131fat\u0131yla Son S\u00f6z Gazetesi Sahibi Abdi Pehlivan&#8217;\u0131 genel kurul ba\u015fkanl\u0131k divan\u0131 se\u00e7imini yapt\u0131rmak \u00fczere k\u00fcrs\u00fcye davet etti.<\/p>\n\n\n\n<p>Sayg\u0131 duru\u015funun ard\u0131ndan ger\u00e7ekle\u015ftirilen se\u00e7imde, T\u00fcrkiye Barolar Birli\u011fi Ba\u015fkan\u0131 Vedat Ahsen Co\u015far divan ba\u015fkanl\u0131\u011f\u0131na, Devlet Ar\u015fivleri Genel M\u00fcd\u00fcr Yard\u0131mc\u0131s\u0131 Mustafa Budak ve \u00c7orum Hakimiyet Gazetesi&#8217;nin sahibi \u015eevket Erzen de yazmanl\u0131klara getirildi.<\/p>\n\n\n\n<p>Bas\u0131na kapal\u0131 devam eden toplant\u0131da, y\u00f6netim kurulu \u00fcyeliklerine, bas\u0131n grubundan Merhaba Gazetesi&#8217;nin sahibi ve Anadolu gazete sahipleri temsilcisi Mustafa Arslan, Belde Gazetesi&#8217;nin sahibi Alaeddin Kaya, h\u00fck\u00fcmet grubundan Vak\u0131flar Genel M\u00fcd\u00fcr\u00fc Adnan Ertem, Maliye Bakanl\u0131\u011f\u0131 M\u00fcste\u015far Yard\u0131mc\u0131s\u0131 Gen\u00e7 Osman Yara\u015fl\u0131, tarafs\u0131zlar grubundan ise Anadolu Ajans\u0131 Y\u00f6netim Kurulu Ba\u015fkan\u0131 ve Genel M\u00fcd\u00fcr\u00fc Kemal \u00d6zt\u00fcrk ile Dokuz Eyl\u00fcl \u00dcniversitesi Hukuk Fak\u00fcltesi Dekan\u0131 Prof. Dr. Yusuf Karako\u00e7 se\u00e7ildi.<\/p>\n\n\n\n<p>Denet\u00e7i \u00fcyeliklere T\u00fcrkiye Gazeteciler Cemiyeti Y\u00f6netim Kurulu \u00dcyesi Ahmet \u00d6zdemir, K\u00fclt\u00fcr ve Turizm Bakanl\u0131\u011f\u0131 Strateji Geli\u015ftirme Ba\u015fkan\u0131 Mahmut Evkuran, \u0130stanbul \u00dcniversitesi \u0130leti\u015fim Fak\u00fcltesi \u00d6\u011fretim \u00dcyesi Do\u00e7. Dr. Erg\u00fcn Yolcu, denet\u00e7i yedek \u00fcyeliklerine de Milli Gazete Sahibi \u00d6mer Y\u00fcksel \u00d6zek, Bas\u0131n Yay\u0131n ve Enformasyon Genel M\u00fcd\u00fcr\u00fc Murat Karakaya, Ankara \u00dcniversitesi Hukuk Fak\u00fcltesi Dekan\u0131 Prof. Dr. Arzu O\u011fuz se\u00e7ildi.<\/p>\n\n\n\n<p>Genel kurulun ard\u0131ndan yap\u0131lan ilk y\u00f6netim kurulu toplant\u0131s\u0131nda, Y\u00f6netim Kurulu Ba\u015fkanl\u0131\u011f\u0131&#8217;na Vak\u0131flar Genel M\u00fcd\u00fcr\u00fc Adnan Ertem yeniden getirildi.<\/p>\n\n\n\n<p>Toplant\u0131da daha sonra Bas\u0131n \u0130lan Kurumu&#8217;nun 26. d\u00f6nem genel kurul \u00e7al\u0131\u015fmalar\u0131nda g\u00f6rev yapan \u00fcyelere, katk\u0131lar\u0131ndan dolay\u0131 plaket ve takdir berat\u0131 verildi.<\/p>\n\n\n\n<p><strong>&#8221;Yeni bir d\u00f6nem ba\u015fl\u0131yor&#8221;<\/strong><\/p>\n\n\n\n<p>Bas\u0131n \u0130lan Kurumu Genel M\u00fcd\u00fcr\u00fc Mehmet Atalay, toplant\u0131n\u0131n ard\u0131ndan AA muhabirine yapt\u0131\u011f\u0131 a\u00e7\u0131klamada, kurumun 52 y\u0131ll\u0131k ge\u00e7mi\u015fi bulundu\u011funu belirterek, birbirinden k\u0131ymetli insanlar\u0131n bug\u00fcne kadar kurumda g\u00f6rev yapt\u0131\u011f\u0131n\u0131 s\u00f6yledi.<\/p>\n\n\n\n<p>Kurumun y\u0131llard\u0131r T\u00fcrk bas\u0131n\u0131n\u0131n hizmetinde oldu\u011funu vurgulayan Atalay, \u015funlar\u0131 kaydetti:<\/p>\n\n\n\n<p>&#8221;Kurum, \u00f6nemli i\u015fler yap\u0131yor. Yeni bir d\u00f6nem ba\u015fl\u0131yor. Bug\u00fcn 2 y\u0131l Bas\u0131n \u0130lan Kurumu&#8217;nu y\u00f6netecek y\u00f6netim kurulu se\u00e7ildi. Hepsi birbirinden k\u0131ymetli arkada\u015flar\u0131m\u0131z. \u00c7ok g\u00fc\u00e7l\u00fc bir y\u00f6netim, taze bir kan. Bug\u00fcne kadar eme\u011fi ge\u00e7en herkese te\u015fekk\u00fcr ediyorum. Bas\u0131n \u0130lan Kurumu&#8217;nun yeni vizyonu, g\u00fc\u00e7l\u00fc yap\u0131s\u0131, herkesi kucaklayan tavr\u0131, alabildi\u011fine \u015feffaf y\u00f6netimiyle bundan sonra daha b\u00fcy\u00fck hizmetler verece\u011fine inan\u0131yoruz. Y\u00f6netimimiz g\u00fc\u00e7l\u00fc, denetim kurulu \u00fcyelerimiz g\u00fc\u00e7l\u00fc ve genel kurulumuz g\u00fc\u00e7l\u00fc. Arkam\u0131zda da tabii b\u00fct\u00fcn T\u00fcrkiye var. El ele \u00e7al\u0131\u015faca\u011f\u0131z. Bas\u0131n\u0131m\u0131z\u0131n sorunlar\u0131n\u0131 gidermede de daha iyi imkanlar nedir? Onlar\u0131n te\u015fhisinde de yeni d\u00fcnya d\u00fczenine ayak uyduracak, d\u00fcnyay\u0131 tan\u0131tacak ad\u0131mlar\u0131n at\u0131lmas\u0131nda da \u00f6nemli bir i\u015fbirli\u011fi d\u00f6nemi ba\u015fl\u0131yor. Hay\u0131rl\u0131 olsun.&#8221;<\/p>\n\n\n\n<p>Bas\u0131n \u0130lan Kurumu&#8217;nun bir sonraki genel kurulu, 15-16-17 May\u0131s&#8217;ta toplanacak. AA<\/p>\n\n\n\n<p>Muhabir: Muharrem Aksakall\u0131<br>Yay\u0131nc\u0131: Sibel Ert\u00fcrk Kurto\u011flu<\/p>\n","protected":false},"excerpt":{"rendered":"<p>&nbsp;Bas\u0131n \u0130lan Kurumu&#8217;nun (B\u0130K) 27. D\u00f6nem Birinci Genel Kurulu topland\u0131. Y\u00f6netim Kurulu Ba\u015fkanl\u0131\u011f\u0131&#8217;na Vak\u0131flar Genel M\u00fcd\u00fcr\u00fc Adnan Ertem yeniden se\u00e7ildi.\u0130STANBUL &#8211; Kurumun Cevizliba\u011f&#8217;daki hizmet binas\u0131nda ger\u00e7ekle\u015ftirilen genel kurul toplant\u0131s\u0131na, bas\u0131n, h\u00fck\u00fcmet ve tarafs\u0131zlar grubu \u00fcyeleri kat\u0131ld\u0131. Bas\u0131n \u0130lan Kurumu Genel M\u00fcd\u00fcr\u00fc Mehmet Atalay, en ya\u015fl\u0131 \u00fcye s\u0131fat\u0131yla Son S\u00f6z Gazetesi Sahibi Abdi Pehlivan&#8217;\u0131 genel kurul [&hellip;]<\/p>\n","protected":false},"author":1,"featured_media":162,"comment_status":"open","ping_status":"open","sticky":false,"template":"","format":"standard","meta":{"footnotes":""},"categories":[3],"tags":[],"class_list":["post-94","post","type-post","status-publish","format-standard","has-post-thumbnail","hentry","category-habeler"],"_links":{"self":[{"href":"https:\/\/www.avrasyagazetecilerdernegi.com\/index.php\/wp-json\/wp\/v2\/posts\/94","targetHints":{"allow":["GET"]}}],"collection":[{"href":"https:\/\/www.avrasyagazetecilerdernegi.com\/index.php\/wp-json\/wp\/v2\/posts"}],"about":[{"href":"https:\/\/www.avrasyagazetecilerdernegi.com\/index.php\/wp-json\/wp\/v2\/types\/post"}],"author":[{"embeddable":true,"href":"https:\/\/www.avrasyagazetecilerdernegi.com\/index.php\/wp-json\/wp\/v2\/users\/1"}],"replies":[{"embeddable":true,"href":"https:\/\/www.avrasyagazetecilerdernegi.com\/index.php\/wp-json\/wp\/v2\/comments?post=94"}],"version-history":[{"count":1,"href":"https:\/\/www.avrasyagazetecilerdernegi.com\/index.php\/wp-json\/wp\/v2\/posts\/94\/revisions"}],"predecessor-version":[{"id":95,"href":"https:\/\/www.avrasyagazetecilerdernegi.com\/index.php\/wp-json\/wp\/v2\/posts\/94\/revisions\/95"}],"wp:featuredmedia":[{"embeddable":true,"href":"https:\/\/www.avrasyagazetecilerdernegi.com\/index.php\/wp-json\/wp\/v2\/media\/162"}],"wp:attachment":[{"href":"https:\/\/www.avrasyagazetecilerdernegi.com\/index.php\/wp-json\/wp\/v2\/media?parent=94"}],"wp:term":[{"taxonomy":"category","embeddable":true,"href":"https:\/\/www.avrasyagazetecilerdernegi.com\/index.php\/wp-json\/wp\/v2\/categories?post=94"},{"taxonomy":"post_tag","embeddable":true,"href":"https:\/\/www.avrasyagazetecilerdernegi.com\/index.php\/wp-json\/wp\/v2\/tags?post=94"}],"curies":[{"name":"wp","href":"https:\/\/api.w.org\/{rel}","templated":true}]}}