{"id":98,"date":"2014-03-28T13:37:00","date_gmt":"2014-03-28T13:37:00","guid":{"rendered":"http:\/\/www.avrasyagazetecilerdernegi.com\/?p=98"},"modified":"2023-07-13T14:33:08","modified_gmt":"2023-07-13T14:33:08","slug":"magrip-ulkeleri-kultur-ve-ekonomi-forumu","status":"publish","type":"post","link":"https:\/\/www.avrasyagazetecilerdernegi.com\/index.php\/2014\/03\/28\/magrip-ulkeleri-kultur-ve-ekonomi-forumu\/","title":{"rendered":"Ma\u011frip \u00dclkeleri k\u00fclt\u00fcr ve ekonomi forumu"},"content":{"rendered":"\n<p><\/p>\n\n\n\n<p>AGRT Genel Ba\u015fkan\u0131 \u0130smail Kahraman\u2019\u0131n, Tunus Cumhurba\u015fkan\u0131 Moncef Marzouki\u2019nin ev sahipli\u011finde Tunus K\u00fclt\u00fcr Bakanl\u0131\u011f\u0131\u2019n\u0131n davetlisi olarak gitti\u011fi Kuzey Afrika &#8211; Ma\u011frip \u00dclkeleri; Tunus, Cezayir, Libya, Fas ve Moritanya \u00fclkelerinin kat\u0131ld\u0131\u011f\u0131 T\u00fcrkiye\u2019den de \u00e7ok say\u0131da davetlinin i\u015ftirak etti\u011fi Ma\u011frip \u00dclkeleri k\u00fclt\u00fcr ve ekonomi forumu tam anlam\u0131yla ba\u015far\u0131l\u0131 ge\u00e7ti. Foruma kat\u0131lan T\u00fcrkiye\u2019den 13 gazeteciden biri olan \u0130smail Kahraman, \u00fcst d\u00fczey devlet yetkilileriyle g\u00f6r\u00fc\u015f\u00fcp Kocaeli&nbsp;&nbsp;ile Anibal\u2019\u0131n memleketi Tunus\u2019un Kartaca \u015fehri aras\u0131nda karde\u015f \u015fehir ba\u011f\u0131 kurulmas\u0131 konusunda \u00e7al\u0131\u015fmalar yapt\u0131. T\u00fcrkiye\u2019nin Tunus B\u00fcy\u00fckel\u00e7isi \u00d6mer G\u00fc\u00e7\u00fck ve T\u00fcn\u00fc\u015f K\u00fclt\u00fcr Bakanl\u0131\u011f\u0131 M\u00fcste\u015far yard\u0131mc\u0131s\u0131 Muhammet Ba\u015far\u2019a karde\u015flik yaz\u0131s\u0131 ve b\u00f6lge ile ilgili kitap, belge ve dok\u00fcmanlar hediye etti. B\u00fcy\u00fckel\u00e7i ve K\u00fclt\u00fcr Bakanl\u0131\u011f\u0131 m\u00fcste\u015far yard\u0131mc\u0131s\u0131 konuyla ilgilenece\u011fini karde\u015flik k\u00f6pr\u00fcs\u00fc kurulmas\u0131 \u0131 i\u00e7in \u00e7al\u0131\u015fmalar yapacaklar\u0131n\u0131 bildirdiler.&nbsp;<\/p>\n\n\n\n<p>Daha \u00f6nce Tunus\u2019a birka\u00e7 kez&nbsp;&nbsp;giden AGRT Genel Ba\u015fkan\u0131 \u0130smail Kahraman, \u201cbu geziler biraz turistik geziydi. \u015eimdi ki gezi tam anlam\u0131yla bir K\u00fclt\u00fcr gezisi oldu. Tunuslu yetkililer bize k\u00fclt\u00fcr de\u011ferlerini ve ekonomik potansiyellerini anlatt\u0131lar. Bunun yan\u0131nda Libya, Cezayir, Fas ve Moritanya \u00fclkelerinden gazeteciler, k\u00fclt\u00fcr adamlar\u0131 ve STK yetkilileriyle de g\u00f6r\u00fc\u015fmeler yap\u0131p belgesel g\u00f6r\u00fcnt\u00fcler \u00e7ektim.\u201d Dedi.<\/p>\n\n\n\n<p>T\u00fcrkiye\u2019den Ma\u011frip Gezisine \u00e7ok say\u0131da davetli kat\u0131ld\u0131. Gebze ve \u0130stanbul\u2019un organizasyonu Kocaeli emlak ve \u0130n\u015faat\u00e7\u0131lar Derne\u011fi Genel ba\u015fkan\u0131 Zeki Gediko\u011flu organize etti. T\u00fcrkiye\u2019den en a\u011f\u0131rl\u0131kl\u0131 grup K\u00fctahya\u2019dan zirveye kat\u0131ld\u0131. \u00d6nemli \u00dcniversitelerin \u00f6\u011fretim \u00fcyeleri ve rekt\u00f6rleri zirvede \u00f6nemli \u00e7al\u0131\u015fmalar yapt\u0131lar. \u0130\u015fadam\u0131 ve sanayicilerimiz Ma\u011frip \u00fclkelerinin sanayici ve \u0130\u015fadamlar\u0131yla g\u00f6r\u00fc\u015fmeler ve ikili i\u015f anla\u015fmalar\u0131 imzalad\u0131lar. T\u00fcrkiye Cumhuriyeti\u2019nin k\u00fclt\u00fcr Bakanl\u0131\u011f\u0131 folklor ve halk Oyunlar\u0131 ekipleriyle Ma\u011frip \u00fclkelerinde K\u00fclt\u00fcr ve Sanat g\u00f6sterileri organize ettiler.<\/p>\n\n\n\n<p>Tunus\u2019da Devri Alem:&nbsp;<a href=\"http:\/\/www.gebzegazetesi.com\/Koseyazisi-7733-tunus'ta-devr-i-alem.html\">http:\/\/www.gebzegazetesi.com\/Koseyazisi-7733-tunus&#8217;ta-devr-i-alem.html<\/a><\/p>\n\n\n\n<p>Tunus\u2019da Arap Bahar\u0131:&nbsp;<a href=\"http:\/\/www.belgeselyayincilik.com\/genel\/ismail-kahraman%E2%80%99in-kalem-ve-kamerasin%E2%80%99dan-tunus%E2%80%99da-devr-i-alem\">http:\/\/www.belgeselyayincilik.com\/genel\/ismail-kahraman%E2%80%99in-kalem-ve-kamerasin%E2%80%99dan-tunus%E2%80%99da-devr-i-alem<\/a><\/p>\n\n\n\n<p>Tunus\u2019da neler oluyor: http:\/\/www.belgeselyayincilik.com\/ismail-kahraman\/makaleler\/yil2011\/ocak\/tunusda-neler-oluyor<\/p>\n","protected":false},"excerpt":{"rendered":"<p>AGRT Genel Ba\u015fkan\u0131 \u0130smail Kahraman\u2019\u0131n, Tunus Cumhurba\u015fkan\u0131 Moncef Marzouki\u2019nin ev sahipli\u011finde Tunus K\u00fclt\u00fcr Bakanl\u0131\u011f\u0131\u2019n\u0131n davetlisi olarak gitti\u011fi Kuzey Afrika &#8211; Ma\u011frip \u00dclkeleri; Tunus, Cezayir, Libya, Fas ve Moritanya \u00fclkelerinin kat\u0131ld\u0131\u011f\u0131 T\u00fcrkiye\u2019den de \u00e7ok say\u0131da davetlinin i\u015ftirak etti\u011fi Ma\u011frip \u00dclkeleri k\u00fclt\u00fcr ve ekonomi forumu tam anlam\u0131yla ba\u015far\u0131l\u0131 ge\u00e7ti. Foruma kat\u0131lan T\u00fcrkiye\u2019den 13 gazeteciden biri olan \u0130smail [&hellip;]<\/p>\n","protected":false},"author":1,"featured_media":151,"comment_status":"open","ping_status":"open","sticky":false,"template":"","format":"standard","meta":{"footnotes":""},"categories":[3],"tags":[],"class_list":["post-98","post","type-post","status-publish","format-standard","has-post-thumbnail","hentry","category-habeler"],"_links":{"self":[{"href":"https:\/\/www.avrasyagazetecilerdernegi.com\/index.php\/wp-json\/wp\/v2\/posts\/98","targetHints":{"allow":["GET"]}}],"collection":[{"href":"https:\/\/www.avrasyagazetecilerdernegi.com\/index.php\/wp-json\/wp\/v2\/posts"}],"about":[{"href":"https:\/\/www.avrasyagazetecilerdernegi.com\/index.php\/wp-json\/wp\/v2\/types\/post"}],"author":[{"embeddable":true,"href":"https:\/\/www.avrasyagazetecilerdernegi.com\/index.php\/wp-json\/wp\/v2\/users\/1"}],"replies":[{"embeddable":true,"href":"https:\/\/www.avrasyagazetecilerdernegi.com\/index.php\/wp-json\/wp\/v2\/comments?post=98"}],"version-history":[{"count":1,"href":"https:\/\/www.avrasyagazetecilerdernegi.com\/index.php\/wp-json\/wp\/v2\/posts\/98\/revisions"}],"predecessor-version":[{"id":99,"href":"https:\/\/www.avrasyagazetecilerdernegi.com\/index.php\/wp-json\/wp\/v2\/posts\/98\/revisions\/99"}],"wp:featuredmedia":[{"embeddable":true,"href":"https:\/\/www.avrasyagazetecilerdernegi.com\/index.php\/wp-json\/wp\/v2\/media\/151"}],"wp:attachment":[{"href":"https:\/\/www.avrasyagazetecilerdernegi.com\/index.php\/wp-json\/wp\/v2\/media?parent=98"}],"wp:term":[{"taxonomy":"category","embeddable":true,"href":"https:\/\/www.avrasyagazetecilerdernegi.com\/index.php\/wp-json\/wp\/v2\/categories?post=98"},{"taxonomy":"post_tag","embeddable":true,"href":"https:\/\/www.avrasyagazetecilerdernegi.com\/index.php\/wp-json\/wp\/v2\/tags?post=98"}],"curies":[{"name":"wp","href":"https:\/\/api.w.org\/{rel}","templated":true}]}}